{"id":914,"date":"2014-03-15T07:58:53","date_gmt":"2014-03-15T07:58:53","guid":{"rendered":"http:\/\/www.x-party.hu\/yk\/diakvallforum\/?p=914"},"modified":"2014-03-15T08:00:45","modified_gmt":"2014-03-15T08:00:45","slug":"nemzetkozi-dvf","status":"publish","type":"post","link":"http:\/\/www.x-party.hu\/yk\/diakvallforum\/?p=914","title":{"rendered":"Nemzetk\u00f6zi DVF"},"content":{"rendered":"<p>2014. m\u00e1rcius 21-i tavaszk\u00f6sz\u00f6nt\u0151 \u00cdrisz b\u00e1l el\u0151tt imm\u00e1r hagyom\u00e1nyosan M\u00e9dia-partit meg Di\u00e1kok \u00e9s V\u00e1llalkoz\u00f3k F\u00f3rum\u00e1t is tartunk.<\/p>\n<p>Az egyik legnagyobb feladatunk, hogy nemzetk\u00f6zi kapcsolatrendszer\u00fcnket is b\u0151v\u00edts\u00fck. Praktikusan az Eur\u00f3pai Uni\u00f3val szeretn\u00e9nk j\u00f3ban lenni, \u00e1m az orosz \u00e9s a k\u00ednai v\u00e1llalkoz\u00f3kat is h\u00edvjuk.<\/p>\n<p>A koncepci\u00f3kat, hogy h\u00e1rom f\u0151 t\u00e9m\u00e1ra f\u00f3kusz\u00e1lva nemzetk\u00f6zi DVF-et szervez\u00fcnk 2014-ben, a m\u00e1rcius 21-i tan\u00e1cskoz\u00e1son diszkut\u00e1ljuk.<\/p>\n<p><a href=\"http:\/\/www.x-party.hu\/yk\/diakvallforum\/wp-content\/uploads\/2014\/03\/iriszbal-2014-a1.jpg\"><img decoding=\"async\" loading=\"lazy\" class=\"aligncenter size-large wp-image-916\" alt=\"iriszbal-2014-a1\" src=\"http:\/\/www.x-party.hu\/yk\/diakvallforum\/wp-content\/uploads\/2014\/03\/iriszbal-2014-a1-1024x658.jpg\" width=\"630\" height=\"404\" srcset=\"http:\/\/www.x-party.hu\/yk\/diakvallforum\/wp-content\/uploads\/2014\/03\/iriszbal-2014-a1-1024x658.jpg 1024w, http:\/\/www.x-party.hu\/yk\/diakvallforum\/wp-content\/uploads\/2014\/03\/iriszbal-2014-a1-300x192.jpg 300w, http:\/\/www.x-party.hu\/yk\/diakvallforum\/wp-content\/uploads\/2014\/03\/iriszbal-2014-a1.jpg 1058w\" sizes=\"(max-width: 630px) 100vw, 630px\" \/><\/a><\/p>\n<p>Terveink szerint m\u00e1jus 25-\u00e9n tartjuk meg az els\u0151 nemzetk\u00f6zi r\u00e9szvev\u0151s DVF-et, a Magyar Vil\u00e1gtal\u00e1lkoz\u00f3n, a Vil\u00e1gfalu rendezv\u00e9ny\u00e9n.<\/p>\n<p>Azut\u00e1n pedig a Sz\u00e9ps\u00e9g Vil\u00e1gnapj\u00e1n, okt\u00f3ber 14-\u00e9n az Exp\u00f3n lesz m\u00e9g nagyobb DVF.<\/p>\n","protected":false},"excerpt":{"rendered":"<p>2014. m\u00e1rcius 21-i tavaszk\u00f6sz\u00f6nt\u0151 \u00cdrisz b\u00e1l el\u0151tt imm\u00e1r hagyom\u00e1nyosan M\u00e9dia-partit meg Di\u00e1kok \u00e9s V\u00e1llalkoz\u00f3k F\u00f3rum\u00e1t is tartunk. Az egyik legnagyobb feladatunk, hogy nemzetk\u00f6zi kapcsolatrendszer\u00fcnket is b\u0151v\u00edts\u00fck. Praktikusan az Eur\u00f3pai Uni\u00f3val &hellip; <\/p>\n<p><a href=\"http:\/\/www.x-party.hu\/yk\/diakvallforum\/?p=914\" class=\"btn btn-readmore\">Read More <span class=\"screen-reader-text\"> &#8222;Nemzetk\u00f6zi DVF&#8221;<\/span><\/a><\/p>\n","protected":false},"author":1,"featured_media":0,"comment_status":"closed","ping_status":"open","sticky":false,"template":"","format":"standard","meta":[],"categories":[1],"tags":[],"_links":{"self":[{"href":"http:\/\/www.x-party.hu\/yk\/diakvallforum\/index.php?rest_route=\/wp\/v2\/posts\/914"}],"collection":[{"href":"http:\/\/www.x-party.hu\/yk\/diakvallforum\/index.php?rest_route=\/wp\/v2\/posts"}],"about":[{"href":"http:\/\/www.x-party.hu\/yk\/diakvallforum\/index.php?rest_route=\/wp\/v2\/types\/post"}],"author":[{"embeddable":true,"href":"http:\/\/www.x-party.hu\/yk\/diakvallforum\/index.php?rest_route=\/wp\/v2\/users\/1"}],"replies":[{"embeddable":true,"href":"http:\/\/www.x-party.hu\/yk\/diakvallforum\/index.php?rest_route=%2Fwp%2Fv2%2Fcomments&post=914"}],"version-history":[{"count":2,"href":"http:\/\/www.x-party.hu\/yk\/diakvallforum\/index.php?rest_route=\/wp\/v2\/posts\/914\/revisions"}],"predecessor-version":[{"id":917,"href":"http:\/\/www.x-party.hu\/yk\/diakvallforum\/index.php?rest_route=\/wp\/v2\/posts\/914\/revisions\/917"}],"wp:attachment":[{"href":"http:\/\/www.x-party.hu\/yk\/diakvallforum\/index.php?rest_route=%2Fwp%2Fv2%2Fmedia&parent=914"}],"wp:term":[{"taxonomy":"category","embeddable":true,"href":"http:\/\/www.x-party.hu\/yk\/diakvallforum\/index.php?rest_route=%2Fwp%2Fv2%2Fcategories&post=914"},{"taxonomy":"post_tag","embeddable":true,"href":"http:\/\/www.x-party.hu\/yk\/diakvallforum\/index.php?rest_route=%2Fwp%2Fv2%2Ftags&post=914"}],"curies":[{"name":"wp","href":"https:\/\/api.w.org\/{rel}","templated":true}]}}