{"id":865,"date":"2013-12-17T09:42:46","date_gmt":"2013-12-17T09:42:46","guid":{"rendered":"http:\/\/www.x-party.hu\/yk\/diakvallforum\/?p=865"},"modified":"2013-12-28T12:18:12","modified_gmt":"2013-12-28T12:18:12","slug":"evertekelo-2013","status":"publish","type":"post","link":"http:\/\/www.x-party.hu\/yk\/diakvallforum\/?p=865","title":{"rendered":"\u00c9v\u00e9rt\u00e9kel\u0151 &#8211; 2013"},"content":{"rendered":"<p>A Di\u00e1kok \u00e9s V\u00e1llalkoz\u00f3k F\u00f3rum\u00e1nak megalap\u00edt\u00e1s\u00e1t az a sz\u00e1nd\u00e9k vezette, hogy a k\u00e9t szf\u00e9r\u00e1t \u00e9s az elm\u00e9letet \u00e9s a gyakorlatot nagyobb egys\u00e9gbe tudjuk szervezni.<\/p>\n<p>A 2013-as \u00e9vben a t\u00e1j\u00e9koz\u00f3d\u00e1s,m ismeretszerz\u00e9s a lehet\u0151s\u00e9gekr\u0151l, a feladatokr\u00f3l \u00a0volt a jellemz\u0151.<\/p>\n<p>Megjelent\u00fcnk t\u00f6bb nagy rendezv\u00e9nyen, \u00e9s szervezt\u00fcnk az Yrisz Klub \u00e9s az Aktivista Klub \u00e9gisze alatt is tan\u00e1cskoz\u00e1sokat, f\u00f3rumokat.<\/p>\n<p>2013. a megalapoz\u00e1s \u00e9ve volt. L\u00e1ttuk, kikre lehet sz\u00e1m\u00edtani, mely ter\u00fcleteken fontos a Di\u00e1kok \u00e9s a V\u00e1llalkoz\u00f3k F\u00f3ruma.<\/p>\n<p>Mindezeket \u00f6sszes\u00edtj\u00fck, konkretiz\u00e1ljuk az \u00c9vnyit\u00f3 partinkon, \u00e9s a 2014-es programjainkat is megbesz\u00e9lj\u00fck majd.<\/p>\n<p>Nagyon hat\u00e9konynak bizonyult a rendezv\u00e9nyeink el\u0151tti Delphi-k\u00e9rd\u0151\u00edves m\u00f3dszer, ez\u00e9rt ezt \u00e1ltal\u00e1nosan alkalmazni fogjuk.<\/p>\n<p>A DVF Szervez\u0151 Bizotts\u00e1g\u00e1nak szem\u00e9lyi k\u00e9rd\u00e9seir\u0151l, funkci\u00f3ir\u00f3l is az \u00c9vnyit\u00f3n fogunk hat\u00e1rozni.<\/p>\n<p style=\"text-align: center;\"><strong>Az \u00c9vnyit\u00f3 id\u0151pontja: 2014. janu\u00e1r 29. szerda- X-party K\u00f6zpont\u00a0<\/strong><\/p>\n","protected":false},"excerpt":{"rendered":"<p>A Di\u00e1kok \u00e9s V\u00e1llalkoz\u00f3k F\u00f3rum\u00e1nak megalap\u00edt\u00e1s\u00e1t az a sz\u00e1nd\u00e9k vezette, hogy a k\u00e9t szf\u00e9r\u00e1t \u00e9s az elm\u00e9letet \u00e9s a gyakorlatot nagyobb egys\u00e9gbe tudjuk szervezni. A 2013-as \u00e9vben a t\u00e1j\u00e9koz\u00f3d\u00e1s,m ismeretszerz\u00e9s &hellip; <\/p>\n<p><a href=\"http:\/\/www.x-party.hu\/yk\/diakvallforum\/?p=865\" class=\"btn btn-readmore\">Read More <span class=\"screen-reader-text\"> &#8222;\u00c9v\u00e9rt\u00e9kel\u0151 &#8211; 2013&#8221;<\/span><\/a><\/p>\n","protected":false},"author":1,"featured_media":0,"comment_status":"closed","ping_status":"open","sticky":false,"template":"","format":"standard","meta":[],"categories":[1],"tags":[],"_links":{"self":[{"href":"http:\/\/www.x-party.hu\/yk\/diakvallforum\/index.php?rest_route=\/wp\/v2\/posts\/865"}],"collection":[{"href":"http:\/\/www.x-party.hu\/yk\/diakvallforum\/index.php?rest_route=\/wp\/v2\/posts"}],"about":[{"href":"http:\/\/www.x-party.hu\/yk\/diakvallforum\/index.php?rest_route=\/wp\/v2\/types\/post"}],"author":[{"embeddable":true,"href":"http:\/\/www.x-party.hu\/yk\/diakvallforum\/index.php?rest_route=\/wp\/v2\/users\/1"}],"replies":[{"embeddable":true,"href":"http:\/\/www.x-party.hu\/yk\/diakvallforum\/index.php?rest_route=%2Fwp%2Fv2%2Fcomments&post=865"}],"version-history":[{"count":2,"href":"http:\/\/www.x-party.hu\/yk\/diakvallforum\/index.php?rest_route=\/wp\/v2\/posts\/865\/revisions"}],"predecessor-version":[{"id":878,"href":"http:\/\/www.x-party.hu\/yk\/diakvallforum\/index.php?rest_route=\/wp\/v2\/posts\/865\/revisions\/878"}],"wp:attachment":[{"href":"http:\/\/www.x-party.hu\/yk\/diakvallforum\/index.php?rest_route=%2Fwp%2Fv2%2Fmedia&parent=865"}],"wp:term":[{"taxonomy":"category","embeddable":true,"href":"http:\/\/www.x-party.hu\/yk\/diakvallforum\/index.php?rest_route=%2Fwp%2Fv2%2Fcategories&post=865"},{"taxonomy":"post_tag","embeddable":true,"href":"http:\/\/www.x-party.hu\/yk\/diakvallforum\/index.php?rest_route=%2Fwp%2Fv2%2Ftags&post=865"}],"curies":[{"name":"wp","href":"https:\/\/api.w.org\/{rel}","templated":true}]}}