{"id":576,"date":"2013-02-03T11:13:36","date_gmt":"2013-02-03T11:13:36","guid":{"rendered":"http:\/\/www.x-party.hu\/yk\/diakvallforum\/?p=576"},"modified":"2013-02-07T10:10:16","modified_gmt":"2013-02-07T10:10:16","slug":"kapcsolat-a-diakonkormanyzatokkal","status":"publish","type":"post","link":"http:\/\/www.x-party.hu\/yk\/diakvallforum\/?p=576","title":{"rendered":"Kapcsolat a di\u00e1k \u00f6nkorm\u00e1nyzatokkal"},"content":{"rendered":"<p>A Hallgat\u00f3i H\u00e1l\u00f3zat, az Orsz\u00e1gos Di\u00e1k \u00d6nkorm\u00e1nyzat \u00e9s a fels\u0151oktat\u00e1s \u00fajs\u00e1g\u00edr\u00e1ssal, m\u00e9di\u00e1val foglalkoz\u00f3 di\u00e1kjainak bevon\u00e1s\u00e1val szervezz\u00fck meg az I. Vil\u00e1gl\u00e1t\u00f3 Konferenci\u00e1t, az Eur\u00f3pai Sajt\u00f3sz\u00f6vets\u00e9g \u00e9gisze alatt, 2013. \u00e1prilis 19-20. a Gyulai P\u00e1linkafesztiv\u00e1lon.<\/p>\n<p>A Di\u00e1kok \u00e9s V\u00e1llalkoz\u00f3k F\u00f3ruma (DVF) febru\u00e1r 25-i rendezv\u00e9ny\u00e9n k\u00fcl\u00f6n\u00f6sen azokat a di\u00e1kokat \u00e9s v\u00e1llalkoz\u00f3kat h\u00edvjuk, akik \u00e9rintettek, \u00e9rdekeltek lehetnek a Vil\u00e1gl\u00e1t\u00f3 Konferenci\u00e1ban.<br \/>\nA M\u00e9dia-partinak meghirdetett rendezv\u00e9ny\u00fcnk\u00f6n megh\u00edv\u00e1sos alapon lehet r\u00e9szt venni, de el\u0151re be is lehet jelentkezni a Kapcsolatban megadott kontaktokon.<\/p>\n<p>A DVF-et az Eur\u00f3pai Fiatalok Sz\u00f6vets\u00e9ge Alapelveinek megfelel\u0151en szervezz\u00fck.<\/p>\n<p><a href=\"http:\/\/www.x-party.hu\/yk\/diakvallforum\/wp-content\/uploads\/2013\/02\/m\u00e9dia-party-2013-02-25-a2.jpg\"><img decoding=\"async\" loading=\"lazy\" class=\"aligncenter size-medium wp-image-622\" alt=\"m\u00e9dia-party-2013-02-25-a2\" src=\"http:\/\/www.x-party.hu\/yk\/diakvallforum\/wp-content\/uploads\/2013\/02\/m\u00e9dia-party-2013-02-25-a2-300x212.jpg\" width=\"300\" height=\"212\" srcset=\"http:\/\/www.x-party.hu\/yk\/diakvallforum\/wp-content\/uploads\/2013\/02\/m\u00e9dia-party-2013-02-25-a2-300x212.jpg 300w, http:\/\/www.x-party.hu\/yk\/diakvallforum\/wp-content\/uploads\/2013\/02\/m\u00e9dia-party-2013-02-25-a2-1024x723.jpg 1024w, http:\/\/www.x-party.hu\/yk\/diakvallforum\/wp-content\/uploads\/2013\/02\/m\u00e9dia-party-2013-02-25-a2.jpg 1754w\" sizes=\"(max-width: 300px) 100vw, 300px\" \/><\/a><\/p>\n","protected":false},"excerpt":{"rendered":"<p>A Hallgat\u00f3i H\u00e1l\u00f3zat, az Orsz\u00e1gos Di\u00e1k \u00d6nkorm\u00e1nyzat \u00e9s a fels\u0151oktat\u00e1s \u00fajs\u00e1g\u00edr\u00e1ssal, m\u00e9di\u00e1val foglalkoz\u00f3 di\u00e1kjainak bevon\u00e1s\u00e1val szervezz\u00fck meg az I. Vil\u00e1gl\u00e1t\u00f3 Konferenci\u00e1t, az Eur\u00f3pai Sajt\u00f3sz\u00f6vets\u00e9g \u00e9gisze alatt, 2013. \u00e1prilis 19-20. a &hellip; <\/p>\n<p><a href=\"http:\/\/www.x-party.hu\/yk\/diakvallforum\/?p=576\" class=\"btn btn-readmore\">Read More <span class=\"screen-reader-text\"> &#8222;Kapcsolat a di\u00e1k \u00f6nkorm\u00e1nyzatokkal&#8221;<\/span><\/a><\/p>\n","protected":false},"author":1,"featured_media":0,"comment_status":"closed","ping_status":"open","sticky":false,"template":"","format":"standard","meta":[],"categories":[1],"tags":[],"_links":{"self":[{"href":"http:\/\/www.x-party.hu\/yk\/diakvallforum\/index.php?rest_route=\/wp\/v2\/posts\/576"}],"collection":[{"href":"http:\/\/www.x-party.hu\/yk\/diakvallforum\/index.php?rest_route=\/wp\/v2\/posts"}],"about":[{"href":"http:\/\/www.x-party.hu\/yk\/diakvallforum\/index.php?rest_route=\/wp\/v2\/types\/post"}],"author":[{"embeddable":true,"href":"http:\/\/www.x-party.hu\/yk\/diakvallforum\/index.php?rest_route=\/wp\/v2\/users\/1"}],"replies":[{"embeddable":true,"href":"http:\/\/www.x-party.hu\/yk\/diakvallforum\/index.php?rest_route=%2Fwp%2Fv2%2Fcomments&post=576"}],"version-history":[{"count":4,"href":"http:\/\/www.x-party.hu\/yk\/diakvallforum\/index.php?rest_route=\/wp\/v2\/posts\/576\/revisions"}],"predecessor-version":[{"id":623,"href":"http:\/\/www.x-party.hu\/yk\/diakvallforum\/index.php?rest_route=\/wp\/v2\/posts\/576\/revisions\/623"}],"wp:attachment":[{"href":"http:\/\/www.x-party.hu\/yk\/diakvallforum\/index.php?rest_route=%2Fwp%2Fv2%2Fmedia&parent=576"}],"wp:term":[{"taxonomy":"category","embeddable":true,"href":"http:\/\/www.x-party.hu\/yk\/diakvallforum\/index.php?rest_route=%2Fwp%2Fv2%2Fcategories&post=576"},{"taxonomy":"post_tag","embeddable":true,"href":"http:\/\/www.x-party.hu\/yk\/diakvallforum\/index.php?rest_route=%2Fwp%2Fv2%2Ftags&post=576"}],"curies":[{"name":"wp","href":"https:\/\/api.w.org\/{rel}","templated":true}]}}