{"id":513,"date":"2013-01-28T09:53:17","date_gmt":"2013-01-28T09:53:17","guid":{"rendered":"http:\/\/www.x-party.hu\/yk\/diakvallforum\/?p=513"},"modified":"2013-01-28T09:58:12","modified_gmt":"2013-01-28T09:58:12","slug":"a-kibernologia-elso-szeminariuma","status":"publish","type":"post","link":"http:\/\/www.x-party.hu\/yk\/diakvallforum\/?p=513","title":{"rendered":"A kibernol\u00f3gia els\u0151 szemin\u00e1riuma"},"content":{"rendered":"<p><a href=\"http:\/\/www.x-party.hu\/a-2\/kibernologia.html\"><img decoding=\"async\" loading=\"lazy\" class=\"aligncenter size-full wp-image-518\" alt=\"kibernologia-b-2\" src=\"http:\/\/www.x-party.hu\/yk\/diakvallforum\/wp-content\/uploads\/2013\/01\/kibernologia-b-2.jpg\" width=\"295\" height=\"295\" srcset=\"http:\/\/www.x-party.hu\/yk\/diakvallforum\/wp-content\/uploads\/2013\/01\/kibernologia-b-2.jpg 295w, http:\/\/www.x-party.hu\/yk\/diakvallforum\/wp-content\/uploads\/2013\/01\/kibernologia-b-2-150x150.jpg 150w\" sizes=\"(max-width: 295px) 100vw, 295px\" \/><\/a><\/p>\n<p>A kibernol\u00f3gia az internetes publik\u00e1ci\u00f3k alapj\u00e1n k\u00e9sz\u00edt szem\u00e9lyis\u00e9gk\u00e9pet a forr\u00e1sr\u00f3l (egy\u00e9nr\u0151l, vagy csoportr\u00f3l)<\/p>\n<p>Az \u00faj karakterol\u00f3giai diszcipl\u00edn\u00e1t 2011. 11. 11-\u00e9n alap\u00edtottuk meg, az 1. J\u00f3sdakonferenci\u00e1n. A szakmai konzult\u00e1ci\u00f3k, fejleszt\u00e9sek eredm\u00e9nyek\u00e9pp most megszervezz\u00fck az els\u0151 kibernol\u00f3giai szemin\u00e1riumot.<\/p>\n<p>Id\u0151pontja: 2013. febru\u00e1r 19. 16h<\/p>\n<p>Helysz\u00edne: X-party K\u00f6zpont<\/p>\n<p>Jelentkezni lehet a Kapcsolat men\u00fcpontban le\u00edrt el\u00e9rhet\u0151s\u00e9geinken.<\/p>\n<p>R\u00e9szv\u00e9teli d\u00edj: 5000 Ft<\/p>\n","protected":false},"excerpt":{"rendered":"<p>A kibernol\u00f3gia az internetes publik\u00e1ci\u00f3k alapj\u00e1n k\u00e9sz\u00edt szem\u00e9lyis\u00e9gk\u00e9pet a forr\u00e1sr\u00f3l (egy\u00e9nr\u0151l, vagy csoportr\u00f3l) Az \u00faj karakterol\u00f3giai diszcipl\u00edn\u00e1t 2011. 11. 11-\u00e9n alap\u00edtottuk meg, az 1. J\u00f3sdakonferenci\u00e1n. A szakmai konzult\u00e1ci\u00f3k, fejleszt\u00e9sek eredm\u00e9nyek\u00e9pp &hellip; <\/p>\n<p><a href=\"http:\/\/www.x-party.hu\/yk\/diakvallforum\/?p=513\" class=\"btn btn-readmore\">Read More <span class=\"screen-reader-text\"> &#8222;A kibernol\u00f3gia els\u0151 szemin\u00e1riuma&#8221;<\/span><\/a><\/p>\n","protected":false},"author":1,"featured_media":0,"comment_status":"closed","ping_status":"open","sticky":false,"template":"","format":"standard","meta":[],"categories":[1],"tags":[],"_links":{"self":[{"href":"http:\/\/www.x-party.hu\/yk\/diakvallforum\/index.php?rest_route=\/wp\/v2\/posts\/513"}],"collection":[{"href":"http:\/\/www.x-party.hu\/yk\/diakvallforum\/index.php?rest_route=\/wp\/v2\/posts"}],"about":[{"href":"http:\/\/www.x-party.hu\/yk\/diakvallforum\/index.php?rest_route=\/wp\/v2\/types\/post"}],"author":[{"embeddable":true,"href":"http:\/\/www.x-party.hu\/yk\/diakvallforum\/index.php?rest_route=\/wp\/v2\/users\/1"}],"replies":[{"embeddable":true,"href":"http:\/\/www.x-party.hu\/yk\/diakvallforum\/index.php?rest_route=%2Fwp%2Fv2%2Fcomments&post=513"}],"version-history":[{"count":5,"href":"http:\/\/www.x-party.hu\/yk\/diakvallforum\/index.php?rest_route=\/wp\/v2\/posts\/513\/revisions"}],"predecessor-version":[{"id":516,"href":"http:\/\/www.x-party.hu\/yk\/diakvallforum\/index.php?rest_route=\/wp\/v2\/posts\/513\/revisions\/516"}],"wp:attachment":[{"href":"http:\/\/www.x-party.hu\/yk\/diakvallforum\/index.php?rest_route=%2Fwp%2Fv2%2Fmedia&parent=513"}],"wp:term":[{"taxonomy":"category","embeddable":true,"href":"http:\/\/www.x-party.hu\/yk\/diakvallforum\/index.php?rest_route=%2Fwp%2Fv2%2Fcategories&post=513"},{"taxonomy":"post_tag","embeddable":true,"href":"http:\/\/www.x-party.hu\/yk\/diakvallforum\/index.php?rest_route=%2Fwp%2Fv2%2Ftags&post=513"}],"curies":[{"name":"wp","href":"https:\/\/api.w.org\/{rel}","templated":true}]}}