{"id":3353,"date":"2026-01-04T21:07:11","date_gmt":"2026-01-04T21:07:11","guid":{"rendered":"https:\/\/www.x-party.hu\/yk\/diakvallforum\/?p=3353"},"modified":"2026-04-29T11:30:34","modified_gmt":"2026-04-29T11:30:34","slug":"hirek-esemenyek-2026-2","status":"publish","type":"post","link":"http:\/\/www.x-party.hu\/yk\/diakvallforum\/?p=3353","title":{"rendered":"H\u00edrek, esem\u00e9nyek &#8211; 2026"},"content":{"rendered":"\n<p><strong>V\u00e1rosligeti Maj\u00e1lis \u2013 \u00e1prilis 30-m\u00e1jus 3.<\/strong><br>Nagyon sok j\u00f3 m\u0171sorral, sz\u00f3rakoz\u00e1ssal, ki\u00e1ll\u00edt\u00f3kkal \u00fcnnepelhetj\u00fck meg a Maj\u00e1list. A V\u00e1rosligetben eg\u00e9sz napos rendezv\u00e9nyek vannak. Sz\u00f3rakozzunk is j\u00f3! Szervezz\u00fck az Aktivista Klubunkat \u00e9s az EU-EXPO Klubunkat is.<\/p>\n\n\n\n<p><strong>\u00c9ljen M\u00e1jus Elseje!<\/strong><br>A munka nemzetk\u00f6zi \u00fcnnep\u00e9n orsz\u00e1gszerte j\u00f3 rendezv\u00e9nyeken \u00e9ltetik a munk\u00e1sokat k\u00fcl\u00f6n\u00f6sen is. Fejl\u0151dj\u00fcnk!<\/p>\n\n\n\n<p><strong>+ A&nbsp; T\u00e1nc Vil\u00e1gnapja \u2013 \u00e1prilis 29.<br>J\u00f3 zen\u00e9re, j\u00f3 t\u00e1rsas\u00e1gban, j\u00f3t t\u00e1ncolni j\u00f3!<\/strong><\/p>\n\n\n\n<p><strong>11 \u00e9ve alakult meg az EU-EXPO klub \u2013 \u00e1prilis 15.<\/strong><br>Az EU-EXPO Klubszer\u0171 fejleszt\u00e9s\u00e9t, szervez\u00e9s\u00e9t 2015. \u00e1prilis 15-\u00e9n kezdem\u00e9nyezt\u00fck, alap\u00edtottuk meg, a Hungexpon, a Construm\u00e1n. Az inform\u00e1lis klubunk az X-party sziszt\u00e9m\u00e1ban akt\u00edv: konstrukt\u00edvan egy\u00fcttm\u0171k\u00f6d\u0151, t\u00e9ma-orient\u00e1lt, inform\u00e1lis csoport, t\u00e1rsas\u00e1g. A nagy, nemzetk\u00f6zi expanzi\u00f3nkat is tervezz\u00fck, szervezz\u00fck \u2013 2028-ban. F\u00f3kusz\u00e1lunk a t\u00e9mak\u00f6reinkre: Innov\u00e1ci\u00f3, Sz\u00e9ps\u00e9g, M\u0171v\u00e9szet, Testkult\u00fara \u00e9s Sz\u00f3rakoz\u00e1s \u2013 ez az emberek, a t\u00e1rsas\u00e1gok, a szervezetek 90%-\u00e1t \u00e9rdeklin. Fejl\u0151dj\u00fcnk, legy\u00fcnk sikeresek! M\u00e1jus 10-\u00e9n az EU \u00fcnnep\u00e9n, a Szabads\u00e1g t\u00e9ren is tartunk egy fontos klubd\u00e9lut\u00e1nt, \u00fcnnepel\u00fcnk. *** 1988-ban alap\u00edtott V\u00e1llalkoz\u00f3k Klubunkat  reinkarn\u00e1ltuk 2022-ben az EU-EXPO Klubunkba.<\/p>\n\n\n\n<p><strong>Orsz\u00e1ggy\u0171l\u00e9si v\u00e1laszt\u00e1s \u2013 \u00c1prilis 12.<\/strong><\/p>\n\n\n<div class=\"wp-block-image\">\n<figure class=\"alignleft\"><a href=\"http:\/\/www.x-party.hu\/ktj\/wp-content\/uploads\/2025\/12\/orszaggyulesivalasztas-2026-04-12-y1.jpg\"><img decoding=\"async\" src=\"http:\/\/www.x-party.hu\/ktj\/wp-content\/uploads\/2025\/12\/orszaggyulesivalasztas-2026-04-12-y1-300x60.jpg\" alt=\"\" class=\"wp-image-3589\"\/><\/a><\/figure><\/div>\n\n\n<p>A fejl\u0151d\u00e9s\u00fcnk \u00e9rdek\u00e9ben nagyon fontos a korm\u00e1nyv\u00e1lt\u00e1s, \u00e9s egy igazi j\u00f3 korm\u00e1ny megalakul\u00e1sa. Kell, hogy legyen a t\u00e1rsadalmunk pozit\u00edv, j\u00f3, megval\u00f3s\u00edthat\u00f3 c\u00e9lrendszere! Ennek \u00e9rdek\u00e9ben f\u00f3rumokat is szervez\u00fcnk m\u00e1just\u00f3l. A dics\u0151s\u00e9ges szocializmusban volt pozit\u00edv c\u00e9lunk a kommunizmus \u2013 ami a Mennyorsz\u00e1gba l\u00e9tezik. Az ideol\u00f3gi\u00e1nk, a Dialektikus idealizmus alapj\u00e1n is lehet j\u00f3 t\u00e1rsadalmi c\u00e9lrendszert megalkotni. A J\u00f3 Istenek 116. Het\u00e9ben lesz az Orsz\u00e1ggy\u0171l\u00e9si v\u00e1laszt\u00e1s *** Nyerjen a baloldal, kell a nemzet\u00fcnk fejl\u0151d\u00e9s\u00e9hez!<\/p>\n\n\n\n<p><strong><span style=\"text-decoration: underline;\">TesTudaT <\/span>Konferenci\u00e1nk <\/strong>\u00e9s <strong>\u00cdrisz B\u00e1lpartink <\/strong>&#8211; <strong>m\u00e1rcius<\/strong> 25.<br>H\u00fasz \u00e9ve szervezt\u00fck meg el\u0151sz\u00f6r a &#8222;Tudatos test\u00e9p\u00edt\u00e9s&#8221; konferenci\u00e1nkat az RSZKK D\u00edszterm\u00e9ben. Sok j\u00f3 el\u0151ad\u00f3volt, j\u00f3 volt az alapt\u00e9m\u00e1nk &#8211; ezt folytatjuk. Id\u00e9n  Hungexp\u00f3n a Construm\u00e1n tartjuk, szervezz\u00fck meg a TesTudaT Konferenci\u00e1nkat. K\u00fcl\u00f6n\u00f6sen f\u00f3kusz\u00e1lunk a j\u00f3 vil\u00e1gn\u00e9zet\u00fcnkre, a Dialektikus idealizmus tanaira, a tesTudatos Napoz\u00e1sra, a j\u00f3 eg\u00e9szs\u00e9g\u00fcnkre, ami szoci\u00e1l-pszicho-szomatika komplex rendszere. \u00c9s megv\u00e1lasztjuk az \u00cdrisz b\u00e1l \u00e9s az EU-EXPO Klub Sz\u00e9p\u00e9t is. A sz\u00f3rakoz\u00e1sunk vil\u00e1g\u00e1t is fejlesztj\u00fck.<\/p>\n\n\n\n<p><strong><span style=\"text-decoration: underline;\">A sz\u00f3rakoz\u00e1sunk fejleszt\u00e9s\u00e9re nagyon f\u00f3kusz\u00e1lunk &#8211; febru\u00e1r 28.<br><\/span><\/strong>L\u00e9nyegesnek tartjuk, hogy kreat\u00edv, vid\u00e1m \u00f6tleteket, kezdem\u00e9nyez\u00e9seket tal\u00e1ljunk ki, \u00e9s fejlessz\u00fck a di\u00e1ks\u00e1g \u00e9s a feln\u0151ttek sz\u00f3rakoz\u00e1s\u00e1t &#8211; \u00e9l\u00e9nk\u00edt\u0151, eg\u00e9szs\u00e9ges, fejleszt\u0151 is. Ennek \u00e9rdek\u00e9ben nagy rendezv\u00e9nyeken is tan\u00e1cskozunk \u00e9s sz\u00f3rakozunk is.<\/p>\n\n\n\n<p><a rel=\"noreferrer noopener\" href=\"https:\/\/www.eletmodexpo.hu\/\" target=\"_blank\"><strong>\u00c9letm\u00f3d \u00e9s \u00c1sv\u00e1ny Exp\u00f3 \u2013 janu\u00e1r 24-25.<\/strong><\/a><br>Nagyon sz\u00ednvonalas, \u00e9rdekes j\u00f3 rendezv\u00e9ny, sok j\u00f3 ki\u00e1ll\u00edt\u00f3val az eg\u00e9szs\u00e9g\u00fcnkre f\u00f3kusz\u00e1lva is, \u00e9s sz\u00e9p \u00e1sv\u00e1nyok \u00e9s \u00e9kszerek is prezent\u00e1lva. Persze \u00e9rdekes el\u0151ad\u00e1sokkal is \u2013 a Lurdy Konferencia K\u00f6zpont tradicion\u00e1lisan j\u00f3 rendezv\u00e9nye, egy\u00fcttm\u0171k\u00f6dve a Lelkes \u00c1sv\u00e1nyb\u00f6rz\u00e9vel is. A standunkn\u00e1l Partner \u00e9s M\u00e9dia Partit \u00e9s EU-EXPO Klubot is szervez\u00fcnk, meg grafologiz\u00e1lunk is. Kicsiknek, nagyoknak, v\u00e1llalkoz\u00f3knak, m\u0171v\u00e9szeknek is \u00e9rdekes, j\u00f3 rendezv\u00e9ny ez.<\/p>\n\n\n\n<p><strong>A Magyar Kult\u00fara Napja \u2013 janu\u00e1r 22.<\/strong><br>A nemzet\u00fcnk kultur\u00e1lis \u00e9rt\u00e9keit becs\u00fclj\u00fck meg, \u00e1poljuk, fejlessz\u00fck!<\/p>\n\n\n\n<p><strong>AGROmashEXP\u00d3 a Hungexp\u00f3n \u2013 janu\u00e1r 21-24.<br><\/strong>A rendezv\u00e9ny a szakma legnagyobb \u00e9ves f\u00f3ruma \u00e9s v\u00e1s\u00e1ra, ahol a leg\u00fajabb innov\u00e1ci\u00f3k, g\u00e9pek \u00e9s technol\u00f3gi\u00e1k bemutat\u00e1sa mellett a r\u00e9sztvev\u0151k k\u00f6zvetlen kapcsolatokat \u00e9p\u00edthetnek a gy\u00e1rt\u00f3kkal, keresked\u0151kkel \u00e9s gazd\u00e1lkod\u00f3kkal.<\/p>\n\n\n\n<p><strong>Ciprus lett az Eur\u00f3pai Uni\u00f3 soros eln\u00f6ke 2026. I. f\u00e9l\u00e9v\u00e9ben<\/strong><br>Az Eur\u00f3pai Uni\u00f3 \u00f6sszefog\u00e1s\u00e1ra, er\u0151s\u00edt\u00e9s\u00e9re, a tags\u00e1g egy\u00fcttm\u0171k\u00f6d\u00e9s\u00e9nek fejleszt\u00e9s\u00e9re f\u00f3kusz\u00e1l az \u0151j eln\u00f6ks\u00e9g. Sok sikert k\u00edv\u00e1nunk!<br>Az Eur\u00f3pai Uni\u00f3s akci\u00f3inkra k\u00fcl\u00f6n\u00f6sen f\u00f3kusz\u00e1lunk ebben az \u00e9vben.<\/p>\n\n\n\n<p><strong>Sikerekben gazdag, boldog, vid\u00e1m, eg\u00e9szs\u00e9ges, fejl\u0151d\u00e9ses \u00faj, 2026-os \u00e9vet k\u00edv\u00e1nunk! \u2013 janu\u00e1r 1.<\/strong><\/p>\n","protected":false},"excerpt":{"rendered":"<p>V\u00e1rosligeti Maj\u00e1lis \u2013 \u00e1prilis 30-m\u00e1jus 3.Nagyon sok j\u00f3 m\u0171sorral, sz\u00f3rakoz\u00e1ssal, ki\u00e1ll\u00edt\u00f3kkal \u00fcnnepelhetj\u00fck meg a Maj\u00e1list. A V\u00e1rosligetben eg\u00e9sz napos rendezv\u00e9nyek vannak. Sz\u00f3rakozzunk is j\u00f3! Szervezz\u00fck az Aktivista Klubunkat \u00e9s az &hellip; <\/p>\n<p><a href=\"http:\/\/www.x-party.hu\/yk\/diakvallforum\/?p=3353\" class=\"btn btn-readmore\">Read More <span class=\"screen-reader-text\"> &#8222;H\u00edrek, esem\u00e9nyek &#8211; 2026&#8221;<\/span><\/a><\/p>\n","protected":false},"author":1,"featured_media":2364,"comment_status":"closed","ping_status":"open","sticky":false,"template":"","format":"standard","meta":[],"categories":[1],"tags":[],"_links":{"self":[{"href":"http:\/\/www.x-party.hu\/yk\/diakvallforum\/index.php?rest_route=\/wp\/v2\/posts\/3353"}],"collection":[{"href":"http:\/\/www.x-party.hu\/yk\/diakvallforum\/index.php?rest_route=\/wp\/v2\/posts"}],"about":[{"href":"http:\/\/www.x-party.hu\/yk\/diakvallforum\/index.php?rest_route=\/wp\/v2\/types\/post"}],"author":[{"embeddable":true,"href":"http:\/\/www.x-party.hu\/yk\/diakvallforum\/index.php?rest_route=\/wp\/v2\/users\/1"}],"replies":[{"embeddable":true,"href":"http:\/\/www.x-party.hu\/yk\/diakvallforum\/index.php?rest_route=%2Fwp%2Fv2%2Fcomments&post=3353"}],"version-history":[{"count":12,"href":"http:\/\/www.x-party.hu\/yk\/diakvallforum\/index.php?rest_route=\/wp\/v2\/posts\/3353\/revisions"}],"predecessor-version":[{"id":3420,"href":"http:\/\/www.x-party.hu\/yk\/diakvallforum\/index.php?rest_route=\/wp\/v2\/posts\/3353\/revisions\/3420"}],"wp:featuredmedia":[{"embeddable":true,"href":"http:\/\/www.x-party.hu\/yk\/diakvallforum\/index.php?rest_route=\/wp\/v2\/media\/2364"}],"wp:attachment":[{"href":"http:\/\/www.x-party.hu\/yk\/diakvallforum\/index.php?rest_route=%2Fwp%2Fv2%2Fmedia&parent=3353"}],"wp:term":[{"taxonomy":"category","embeddable":true,"href":"http:\/\/www.x-party.hu\/yk\/diakvallforum\/index.php?rest_route=%2Fwp%2Fv2%2Fcategories&post=3353"},{"taxonomy":"post_tag","embeddable":true,"href":"http:\/\/www.x-party.hu\/yk\/diakvallforum\/index.php?rest_route=%2Fwp%2Fv2%2Ftags&post=3353"}],"curies":[{"name":"wp","href":"https:\/\/api.w.org\/{rel}","templated":true}]}}