{"id":3160,"date":"2025-01-01T09:57:57","date_gmt":"2025-01-01T09:57:57","guid":{"rendered":"https:\/\/www.x-party.hu\/yk\/diakvallforum\/?p=3160"},"modified":"2025-12-28T22:23:35","modified_gmt":"2025-12-28T22:23:35","slug":"3160","status":"publish","type":"post","link":"http:\/\/www.x-party.hu\/yk\/diakvallforum\/?p=3160","title":{"rendered":"H\u00edrek, esem\u00e9nyek &#8211; 2025"},"content":{"rendered":"\n<p><strong><em>V\u00e1llalkoz\u00f3k Klubja \u00fcnnepe \u2013 anno 1989. December 29.<\/em><\/strong><br><strong><em>El\u0151szilveszteri b\u00e1l az MSZP Sz\u00e9kh\u00e1z\u00e1ban<\/em><\/strong><\/p>\n\n\n\n<p><strong><span style=\"text-decoration: underline;\">Kellemes, vid\u00e1m, boldog Kar\u00e1csonyi \u00dcnnepeket k\u00edv\u00e1nunk!<\/span><\/strong><br>A szeretet \u00fcnnep\u00e9n figyelj\u00fcnk egym\u00e1sra, fejl\u0151dj\u00fcnk!<\/p>\n\n\n\n<p><strong><span style=\"text-decoration: underline;\">A szellemvil\u00e1gunk fejleszt\u00e9se nagyon fontos \u2013 december 19.<\/span><br><\/strong>Az ember szellem\u00e9nek, tudat\u00e1nak fontos tulajdons\u00e1ga, hogy spiritu\u00e1lisan is k\u00e9pes \u00e9rtelmezni a vil\u00e1got. Nagyon fontos, hogy ne sz\u0171k\u00fclj\u00fcnk be a h\u00e1romdimenzi\u00f3s fizikai vil\u00e1gba, hanem l\u00e9pj\u00fcnk ki, t\u00e1guljon a vil\u00e1gn\u00e9zet\u00fcnk, legy\u00fcnk \u00e9rtelmesebbek, hat\u00e9konyabbak, vid\u00e1mabbak, eg\u00e9szs\u00e9gesebbek, sikeresebbek, \u00e9lj\u00fcnk j\u00f3l. A L\u00e9lekkutat\u00f3 Int\u00e9zet\u00fcnk is megfelel\u0151 alapot ny\u00fajt az ismereteink b\u0151v\u00edt\u00e9s\u00e9hez. \u00c9lj\u00fcnk j\u00f3l! Tan\u00e1cskozzunk is, aktiviz\u00e1ljunk is!<\/p>\n\n\n\n<p><a rel=\"noreferrer noopener\" href=\"https:\/\/fiatalvallalkozokhete.hu\/\" target=\"_blank\"><strong>Fiatal V\u00e1llalkoz\u00f3k Hete \u2013 november 24-28.<\/strong><\/a><br>A Fiatal V\u00e1llalkoz\u00f3k Orsz\u00e1gos Sz\u00f6vets\u00e9g\u00e9nek nagyon j\u00f3, nagyszab\u00e1s\u00fa rendezv\u00e9nysorozata is bizony\u00edtja, hogy j\u00f3 v\u00e1llalkoz\u00f3nak lenni, lehet j\u00f3 v\u00e1llalkoz\u00e1sokat expon\u00e1lni, fejleszteni. Kov\u00e1cs Patrik, a FIVOSZ eln\u00f6ke \u00e9s a vezet\u0151s\u00e9ge orsz\u00e1gos szinten szervezi meg a prezent\u00e1ci\u00f3kat. A Budapesti FIVOSZ november 28-\u00e1n tartja k\u00fcl\u00f6nleges fesztiv\u00e1lj\u00e1t. \u00c9rdemes megtekinteni a r\u00e9szleteket FIVOSZ honlapj\u00e1n: www.fivosz.hu.<\/p>\n\n\n\n<p><a rel=\"noreferrer noopener\" href=\"https:\/\/www.facebook.com\/profile.php?id=61581622646176\" target=\"_blank\"><strong>I. Tisza\u00fajv\u00e1rosi \u00c1sv\u00e1ny- \u00e9s \u00c9kszerb\u00f6rze \u2013 november 15.<\/strong><\/a><br>K\u00fcl\u00f6nleges term\u00e9kekkel, fejleszt\u00e9sekkel \u00e9s m\u00f3dszerekkel v\u00e1rja a vend\u00e9geket, az \u00e9rdekl\u0151d\u0151ket ez a n\u00edv\u00f3s rendezv\u00e9ny. F\u0151szervez\u0151 Nagy Lili\u00e1na. A t\u00e1rsas\u00e1gi hangulat is nagyon j\u00f3.<\/p>\n\n\n\n<p><strong>Az Eur\u00f3pai Kereskedelem Napja \u2013 november 5.<br><\/strong>A VOSz eln\u00f6k\u00e9nek, Demj\u00e1n S\u00e1ndornak 21\u00e9vvel ezel\u0151tti kezdem\u00e9nyez\u00e9se. Az \u00fcnneps\u00e9gen a megjelent vezet\u0151k az eur\u00f3pai egy\u00fcttm\u0171k\u00f6d\u00e9s\u00fcnket. \u201cEgyed\u00fcl minden neh\u00e9z, \u00f6sszefogva semmi sem lehetetlen!\u201d \u2013 Demj\u00e1n S\u00e1ndor. A VOSz nagyszer\u0171 rendezv\u00e9ny\u00e9n a kereskedelm\u00fcnk fejleszt\u00e9se van a f\u00f3kuszban.<br><br><strong>A J\u00f3 Istenek 111. Hete \u2013 november 3-9.<\/strong><br>Az Innov\u00e1ci\u00f3 \u00e9s a K\u00f6z\u00e9let fejleszt\u00e9se a fontos t\u00e9m\u00e1nk. A Nap-isten vezet\u00e9s\u00e9vel a j\u00f3 istenekbe-istenn\u0151kbe vetett hit, bizalom j\u00f3l hat az \u00e9letkedv\u00fcnkre, az eg\u00e9szs\u00e9g\u00fcnkre, a fant\u00e1zi\u00e1nkra is. \u00c9rdemes fejleszten\u00fcnk a kapcsolatunkat a j\u00f3 istenek-istenn\u0151k vil\u00e1g\u00e1val, egy\u00fcttm\u0171k\u00f6dve az angyalokkal, egym\u00e1ssal is, j\u00f3 k\u00f6z\u00f6ss\u00e9gben is!<\/p>\n\n\n\n<p><strong>Magyar Tudom\u00e1ny \u00dcnnepe<span style=\"text-decoration: underline;\"> <\/span>\u2013 november 3.<\/strong><br>Tekinthetj\u00fck Magyarorsz\u00e1got a F\u00f6ld agy\u00e1nak, ebb\u0151l k\u00f6vetkezik, hogy a tud\u00e1s, a tudom\u00e1nyok ter\u00e9n is az \u00e9len kell j\u00e1rnunk! Fejlessz\u00fck haz\u00e1nkat, fejlessz\u00fck az emberis\u00e9get, a bolyg\u00f3nkat is!<\/p>\n\n\n\n<p><strong><span style=\"text-decoration: underline;\">Fejlesztj\u00fck <\/span>a <span style=\"text-decoration: underline;\">Di\u00e1kok <\/span>\u00e9s <span style=\"text-decoration: underline;\">V\u00e1llalkoz\u00f3k<\/span> <span style=\"text-decoration: underline;\">F\u00f3rum\u00e1t <\/span>is a <span style=\"text-decoration: underline;\">klubjainkon <\/span>\u2013 <span style=\"text-decoration: underline;\">november<\/span> 1.<\/strong><br>A k\u00e9t szf\u00e9ra konstrukt\u00edv egy\u00fcttm\u0171k\u00f6d\u00e9se nagyon fontosa, hasznos \u00e9s j\u00f3. K\u00fcl\u00f6n\u00f6sen f\u00f3kusz\u00e1lunk az eg\u00e9szs\u00e9gre \u00e9s a sz\u00f3rakoz\u00e1sra. A november 8-i \u00c9kszer- \u00e9s \u00c1sv\u00e1nyb\u00f6rz\u00e9n a KMO-ban a klubpartinkon ez is fontos t\u00e9m\u00e1ink.<\/p>\n\n\n\n<p><a rel=\"noreferrer noopener\" href=\"https:\/\/x-party.hu\/aszv\/aszvn-2025\/aszvn-2025.html\" target=\"_blank\"><strong>A Sz\u00e9ps\u00e9g Vil\u00e1gnapja \u2013 okt\u00f3ber 14.<\/strong><\/a><\/p>\n\n\n<div class=\"wp-block-image\">\n<figure class=\"alignleft\"><a href=\"http:\/\/www.x-party.hu\/essz\/EPALAP\/epalap-11\/wp-content\/uploads\/2025\/01\/e6df7de790.jpg\"><img decoding=\"async\" src=\"http:\/\/www.x-party.hu\/essz\/EPALAP\/epalap-11\/wp-content\/uploads\/2025\/01\/e6df7de790-300x225.jpg\" alt=\"\" class=\"wp-image-6937\"\/><\/a><\/figure><\/div>\n\n\n<p>A Sz\u00e9ps\u00e9g Vil\u00e1gnapja (Anno 2003.) X. 14.<br>A 2026 os nemzetk\u00f6zi expanzi\u00f3nkra, terveire, fejleszt\u00e9s\u00e9re k\u00fcl\u00f6n is f\u00f3kusz\u00e1lunk ki. Meg\u00faj\u00edtjuk a sz\u00e9ps\u00e9gversenyeket, a Miss \u00cdrisz v\u00e1laszt\u00e1st is. Elk\u00e9sz\u00edtj\u00fck az Afrodit\u00e9 Gal\u00e9ri\u00e1nkat, a sz\u00e9ps\u00e9gversenyek t\u00e1rlat\u00e1t. Az eg\u00e9szs\u00e9g \u00e9s a sz\u00e9ps\u00e9g is kombin\u00e1lhat\u00f3. A napk\u00f6zbeni Exp\u00f3 \u00e9s az esti G\u00e1la programjaival expon\u00e1ljuk a sz\u00e9ps\u00e9get, a sz\u00e9ps\u00e9g istenn\u0151it is. *+*<\/p>\n\n\n\n<p><strong>\u00dcnnep\u00e9lyesen elkezdt\u00fck az idei EU-EXPOnkat \u2013 okt\u00f3ber 10.<br><\/strong>A t\u00e9mak\u00f6reinknek megfelel\u0151en naponta tartunk kreat\u00edv tan\u00e1cskoz\u00e1sokat, tervezz\u00fck a 2026-os expanzi\u00f3kat is.<\/p>\n\n\n\n<p><strong>A Pedag\u00f3gusok Vil\u00e1gnapja &#8211; okt\u00f3ber 5.<br><\/strong>\u00c9ljenek j\u00f3l a pedag\u00f3gusok! A j\u00f3 tan\u00edt\u00e1s, a j\u00f3 tanul\u00e1s alapja a j\u00f3 j\u00f6v\u0151nknek!<\/p>\n\n\n\n<p>Kreat\u00edv tan\u00e1cskoz\u00e1sokat szervez\u00fcnk a sz\u00f3rakoz\u00e1sunk fejleszt\u00e9se \u00e9rdek\u00e9ben &#8211; okt\u00f3ber 1.<br>K\u00fcl\u00f6n\u00f6sen vid\u00e9ken nagyon fontos ez, mert alig van sz\u00f3rakoz\u00e1s a vid\u00e9ki v\u00e1rosokban, falvakban. Mi sok j\u00f3 programot tudunk javasolni az \u00e9rdekelteknek, v\u00e1llalkoz\u00f3knak, di\u00e1koknak, kult\u00farh\u00e1zaknak is.<\/p>\n\n\n\n<p><span style=\"text-decoration: underline;\"><strong>Tan\u00e9vkezd\u00e9s &#8211; szeptember 1.<\/strong><br><\/span>A tanul\u00e1s, a tud\u00e1s az ember szellemvil\u00e1g\u00e1nak nagyon fontos komponense, forr\u00e1s, fejleszt\u0151je. Ismert a Makarenk\u00f3i elv: &#8222;Az ifj\u00fas\u00e1g legfontosabb feladata: Tanulni, tanulni, tanulni!&#8221; \u00c9s ezt kiterjesztj\u00fck \u00e9s szervezz\u00fck a &#8222;Tanul\u00e1s 65 \u00e9v felett is&#8221; mozgalmunkban. Sok sikert k\u00edv\u00e1nunk a di\u00e1koknak, a tan\u00e1roknak!<\/p>\n\n\n\n<p><a rel=\"noreferrer noopener\" href=\"https:\/\/www.koorszag.hu\/\" target=\"_blank\"><strong>40. Mineral Show &#8211; augusztus 29-31.<\/strong><\/a><br>A Vas\u00fatt\u00f6rt\u00e9neti parkban ker\u00fcl megrendez\u00e9sre az \u00e1sv\u00e1nyvil\u00e1g \u00e9s az \u00e9kszerek, valamint az eg\u00e9szs\u00e9g-tan\u00e1csad\u00e1sok fesztiv\u00e1lja. J\u00fc rendezv\u00e9ny egy\u00e9neknek, p\u00e1roknak, csal\u00e1doknak, c\u00e9geknek, szervezeteknek is nagyon \u00e9rdekes, hasznos lehet, mert j\u00f3 m\u0171sorokkal is b\u0151v\u00fcl a ki\u00e1ll\u00edt\u00e1s. \u00d6n\u00e1ll\u00f3 standunkon grafologiz\u00e1lunk is, szervezz\u00fck az Aktivista Klubunkat, a Kibernol\u00f3gusok T\u00e1rsas\u00e1g\u00e1t, az EU-EXPO Klubunkat is.<\/p>\n\n\n\n<p><strong>A v\u00e1llalkoz\u00f3i szf\u00e9r\u00e1nak nagyon hasznos az ezot\u00e9ria, a spiritualizmus is &#8211;<span style=\"text-decoration: underline;\"> <\/span>augusztus 4.<\/strong><br>Ennek \u00e9rdek\u00e9ben a rendezv\u00e9nyeinken, partnereink fesztiv\u00e1ljain, v\u00e1s\u00e1rain is expon\u00e1ljuk a hat\u00e9kony, j\u00f3 m\u00f3dszereket, melyek az emberek szellemvil\u00e1g\u00e1t is fejlesztik, ez\u00e1ltal a kreativit\u00e1st, probl\u00e9mamegold\u00e1st, egy\u00fcttm\u0171k\u00f6d\u00e9seket is. A Fitnesz Fesztiv\u00e1lon, a Sz\u00fcreti Fesztiv\u00e1lon, az \u00c1sv\u00e1ny \u00e9s \u00c1kszerex\u00f3n, az \u00c9letm\u00f3d exp\u00f3n, az EU-EXPO Klubjainkon is expon\u00e1ljuk az ezot\u00e9ri\u00e1t is.<\/p>\n\n\n\n<p>K<strong><span style=\"text-decoration: underline;\">reat\u00edv m\u00f3dszereket fejleszt\u00fcnk<br><\/span><\/strong>A sz\u00e9ps\u00e9gversenyek ter\u00e9n, a sz\u00f3rakoz\u00e1sunk fejleszt\u00e9s\u00e9ben, az eg\u00e9szs\u00e9g\u00fcnk \u00e9rdek\u00e9ben, a t\u00e1rsas\u00e1gi \u00e9let\u00fcnk fejleszt\u00e9s\u00e9\u00e9rt is. A Velence korz\u00f3n j\u00falius 20-\u00e1n ind\u00edtjuk ezt a programunkat + megv\u00e1lasztjuk a Strand Sz\u00e9p\u00e9t is.<\/p>\n\n\n\n<p><strong>Jubil\u00e1lunk &#8211; j\u00falius 3.<br><\/strong>Az els\u0151 Magyar Vil\u00e1gtal\u00e1lkoz\u00f3n, Balatonlell\u00e9n tartottuk meg az els\u0151 Di\u00e1kok \u00e9s V\u00e1llalkoz\u00f3k F\u00f3rum\u00e1t 2011. j\u00falius 3-\u00e1n. Nagyon sikeres lett a koncepci\u00f3nk, melyet kreat\u00edvan megtan\u00e1cskoztunk. A di\u00e1ks\u00e1gnak \u00e9s a v\u00e1llalkoz\u00f3knak is egy \u00faj, hasznos projekt\u00fcnket expon\u00e1ltuk az X-party \u00e9gisz\u00e9ben.<\/p>\n\n\n\n<p><strong>\u0150sany\u00e1nk Emese napj\u00e1n, j\u00falius 5-\u00e9n a r\u00e9gi sz\u00e9p id\u0151kre \u00e9s a mai fejlem\u00e9nyekre is f\u00f3kusz\u00e1lva szervezz\u00fck meg az Emese b\u00e1lt, amit 2026-ban&nbsp;m\u00e1r nemzetk\u00f6zi szinten tartunk.<\/strong><\/p>\n\n\n\n<p><strong>Az els\u0151 Di\u00e1kok \u00e9s V\u00e1llalkoz\u00f3k F\u00f3rum\u00e1t 2011. j\u00falius 3-\u00e1n tartottuk meg a Magyar Vil\u00e1gtal\u00e1lkoz\u00f3n, Balatonlell\u00e9n. Fejl\u0151dj\u00fcnk egy\u00fctt a k\u00e9t szf\u00e9r\u00e1val!<\/strong><\/p>\n\n\n\n<p>A <strong>Di\u00e1ks\u00e1got is mozg\u00f3s\u00edtjuk a <span style=\"text-decoration: underline;\">sz\u00f3rakoz\u00e1sunk <\/span>fejleszt\u00e9se \u00e9rdek\u00e9ben &#8211; j\u00fanius 19,<br><\/strong>K\u00fcl\u00f6n\u00f6sen vid\u00e9ken nagyon aktu\u00e1lis m\u00e1r a sz\u00f3rakoz\u00e1skult\u00far\u00e1nk fejleszt\u00e9se. Ennek \u00e9rdek\u00e9ben a di\u00e1kokkal kreat\u00edvan tan\u00e1cskozunk. \u00c9s a mozgalmunkat expon\u00e1ljuk is.<\/p>\n\n\n\n<p><strong><span style=\"text-decoration: underline;\">Kreat\u00edv tan\u00e1cskoz\u00e1sokat is tartunk j\u00f3 rendezv\u00e9nyeken <\/span><\/strong>&#8211; <strong><span style=\"text-decoration: underline;\">m\u00e1jus 23<\/span><\/strong>.<br>Az \u00c9letm\u00f3d \u00e9s \u00c1sv\u00e1ny Exp\u00f3n, a Belv\u00e1rosi Fesztiv\u00e1lon a megjelent partnerekkel a fejleszt\u00e9si, b\u0151v\u00edt\u00e9si lehet\u0151s\u00e9gekr\u0151l is tan\u00e1cskozunk. Alkalmazunk hat\u00e9kony kreativit\u00e1st n\u00f6vel\u0151 csoportm\u00f3dszereket is. A di\u00e1ks\u00e1got \u00e9s a v\u00e1llalkoz\u00f3kat k\u00fcl\u00f6n\u00f6sen mozg\u00f3s\u00edtjuk a t\u00e9mak\u00f6reinkre is f\u00f3kusz\u00e1lva. Az eg\u00e9szs\u00e9g \u00e9s a j\u00f3 sz\u00f3rakoz\u00e1s fejleszt\u00e9s\u00e9t nagyon fontosnak tartjuk. Az eredm\u00e9nyeinket publik\u00e1ljuk, propag\u00e1ljuk.<\/p>\n\n\n\n<p><strong><span style=\"text-decoration: underline;\">Meg\u00fcnnepelj\u00fck Eur\u00f3p\u00e1t &#8211; m\u00e1jus 11.<br><\/span><\/strong>A Szabads\u00e1g t\u00e9ren szervez az Eur\u00f3pa pont nagy rendezv\u00e9nyt, melyen meg\u00fcnnepelj\u00fck Eur\u00f3p\u00e1t, az Eur\u00f3pai Uni\u00f3t is. Ebbe bet\u00e1rsulunk, \u00e9s m\u00e9lt\u00f3an \u00fcnnepelj\u00fck az Eur\u00f3p\u00e1t, az Eur\u00f3pai Uni\u00f3t, a nemzetek egys\u00e9g\u00e9t is.  <\/p>\n\n\n\n<p><strong><span style=\"text-decoration: underline;\">A Laharo-Party 17 \u00e9ves ~ m\u00e1jus 8.<\/span><\/strong><br>A sz\u00f3rakoz\u00e1skult\u00far\u00e1nk fejleszt\u00e9se nemzeti \u00e9rdek. A Lahsro-partynkkal a fejleszt\u00e9sek ter\u00e9n is az \u00e9len j\u00e1runk. A j\u00f3 sz\u00f3rakoz\u00e1s az \u00e9letkedvet n\u00f6veli, er\u0151s\u00edti. \u00c9s kellenek a j\u00f3 t\u00e1rsas\u00e1gok is. Kreat\u00edv f\u00f3rumokat szervez\u00fcnk e t\u00e9m\u00e1ban is. <\/p>\n\n\n\n<p><strong><span style=\"text-decoration: underline;\">Kombin\u00e1ljuk partnereinket egym\u00e1ssal <\/span>&#8211; <span style=\"text-decoration: underline;\">\u00e1prilis 11.<\/span><br><\/strong>K\u00fcl\u00f6nleges fejleszt\u00e9s\u00fcnk, hogy a j\u00f3 rendezv\u00e9nyekre &#8211; most a Construm\u00e1ra \u00e9s az \u00c1sv\u00e1nyb\u00f6rz\u00e9re is &#8211;  megh\u00edjuk a partnereinket, \u00e9s a t\u00e9mak\u00f6reinknek megfelel\u0151 tan\u00e1cskoz\u00e1sokat is szervez\u00fcnk. L\u00e9nyeges fejl\u0151d\u00e9s\u00fcnket is szolg\u00e1lja ez. Az Eur\u00f3pa napon, m\u00e1jus 11-\u00e9n is tartunk kreat\u00edv f\u00f3rumot is. <\/p>\n\n\n\n<p><strong><a rel=\"noreferrer noopener\" href=\"https:\/\/gardenexpo.hu\/\" target=\"_blank\">GARDENExpo \u2013 m\u00e1rcius 28-30.<\/a><br><\/strong>Magyarorsz\u00e1g egyetlen kerti \u00e9letm\u00f3d ki\u00e1ll\u00edt\u00e1sak\u00e9nt c\u00e9lunk nem kevesebb, mint seg\u00edteni a kertek szerelmeseinek megtal\u00e1lni a t\u00f6k\u00e9letes kerti b\u00fatorokat, kerti g\u00e9peket \u00e9s szersz\u00e1mokat, medenc\u00e9ket, k\u00fclt\u00e9ri szaun\u00e1kat, \u00e1rny\u00e9kol\u00f3kat, k\u00fclt\u00e9ri vil\u00e1g\u00edt\u00e1si \u00e9s \u00f6nt\u00f6z\u00e9stechnikai eszk\u00f6z\u00f6ket \u00e9s kerti s\u00fct\u00f6get\u0151ket.&nbsp;Rendezv\u00e9ny\u00fcnk\u00f6n a l\u00e1togat\u00f3k felt\u00e9rk\u00e9pezhetik&nbsp;a kerti m\u00e1rk\u00e1k legjav\u00e1t, kipr\u00f3b\u00e1lhatj\u00e1k&nbsp;a leg\u00fajabb term\u00e9keket \u00e9s elmer\u00fclhetnek&nbsp;a legfrissebb kerti trendekben.<br>Kreat\u00edv Di\u00e1kok \u00e9s V\u00e1llalkoz\u00f3k F\u00f3rum\u00e1t is tartunk vas\u00e1rnap, innov\u00e1ci\u00f3nk fejleszt\u00e9s\u00e9\u00e9rt. <\/p>\n\n\n\n<p><span style=\"text-decoration: underline;\"><strong>XX. TesTudaT Konferencia \u00e9s \u00cdrisz b\u00e1l &#8211; m\u00e1rcius 25.<\/strong><br><\/span>Az egyik leghasznosabb rendezv\u00e9nyeink egyike a TesTudaT Konferenci\u00e1nk, amit 2006. m\u00e1rcius 25-\u00e9n szervezt\u00fcnk meg el\u0151sz\u00f6r az RSZKK D\u00edszterm\u00e9ben. Fontosnak tartjuk a szellem\u00fcnk \u00e9s a test\u00fcnk eg\u00e9szs\u00e9ges j\u00f3 kapcsolat\u00e1t, a tudatosan is. \u00c9s kell a j\u00f3 vil\u00e1gn\u00e9zet is ehhez, az ideol\u00f3gi\u00e1nk a Dialektikus idealizmus, melyet a j\u00f3 istenekkel \u00e9s az angyalokkal megtan\u00e1cskozunk, komplett\u00e1ljuk. Az EU-EXPO Testkult\u00fara \u00e9s Innov\u00e1ci\u00f3 t\u00e9mak\u00f6reire is f\u00f3kusz\u00e1lunk, na meg a sz\u00f3rakoz\u00e1sunk fejleszt\u00e9s\u00e9re is. Az \u00cdrisz b\u00e1l-partin megv\u00e1lasztjuk a Miss \u00cdrisz v\u00e1laszt\u00e1s el\u0151verseny\u00e9nek sz\u00e9p\u00e9t is. A XXI. TesTudaT Konferenci\u00e1nkat m\u00e1r nagy szakmai k\u00f6z\u00f6ns\u00e9ggel is megszervezz\u00fck 2026-ban. F\u00f3rumainkon ezt is megtan\u00e1cskozzuk. Fejl\u0151dj\u00fcnk!<\/p>\n\n\n\n<p><span style=\"text-decoration: underline;\"><strong>A V\u00edz Vil\u00e1gnapja \u2013 m\u00e1rcius 22.<\/strong><br><\/span>A v\u00edz az egyik \u00e9ltet\u0151 elem\u00fcnk \u2013 \u00f3vjuk a szennyez\u0151d\u00e9st\u0151l, \u00e9lj\u00fcnk vele j\u00f3l!<\/p>\n\n\n\n<p><strong><span style=\"text-decoration: underline;\">Kreat\u00edv f\u00f3rumokat rendezv\u00e9nyeken is szervez\u00fcnk &#8211; m\u00e1rcius 21.<br><\/span><\/strong>Sok j\u00f3 fesztiv\u00e1l, v\u00e1s\u00e1r van, melyeken hasznosak lesznek a kreat\u00edv tan\u00e1cskoz\u00e1saink megszervez\u00e9se is. Az adott rendezv\u00e9ny fejleszt\u00e9se is t\u00e9m\u00e1nk. Megh\u00edvjuk a j\u00f3 v\u00e1llalkoz\u00f3kat \u00e9s a di\u00e1kokat is, ezzel propag\u00e1ljuk mag\u00e1t a rendezv\u00e9nyt is, ezzel is seg\u00edtve \u0151ket.<br>M\u00e1rcius 21. a Kommunista Ifj\u00fas\u00e1gi Sz\u00f6vets\u00e9g megalap\u00edt\u00e1s\u00e1nak (anno 1957.) \u00fcnnepe. Dics\u0151s\u00e9g a nagy vezet\u0151knek, a j\u00f3 tags\u00e1gnak!<\/p>\n\n\n\n<p><a rel=\"noreferrer noopener\" href=\"https:\/\/noivallalkozoknapja.com\/?fbclid=IwY2xjawJE1dBleHRuA2FlbQIxMAABHdwB-Ab1YIGr4HVSkHQiKLkiG80lOvbn7NkU0WBlrFeutXHgLh5lk_Ixlg_aem_0QSv_BNqDNuPx0jv9BxfQA#vasarlas\" target=\"_blank\"><strong>V. N\u0151i V\u00e1llalkoz\u00f3k Napja \u2013 m\u00e1rcius 20.<\/strong><\/a><br>Az orsz\u00e1g legnagyobb v\u00e1llalkoz\u00f3i k\u00f6z\u00f6ss\u00e9g\u00e9nek k\u00fcl\u00f6n\u00f6sen \u00e9rdekes, hasznos \u00e9s j\u00f3 rendezv\u00e9nye a Lurdy Konferencia K\u00f6zpontban. Sok el\u0151ad\u00f3val, ki\u00e1ll\u00edt\u00f3val prezent\u00e1lja a N\u0151i V\u00e1llalkoz\u00f3k Klubja szervez\u00e9s\u00e9ben. A j\u00f3 kapcsolatok ki\u00e9p\u00edt\u00e9se, fejleszt\u00e9se, az \u00e9rdekes kerekasztal-tan\u00e1cskoz\u00e1sok ugyancsak fellend\u00edtik a t\u00e1rsas\u00e1gi \u00e9letet.<\/p>\n\n\n\n<p><span style=\"text-decoration: underline;\"><strong>Nemzetk\u00f6zi N\u0151nap &#8211; m\u00e1rcius 8.<\/strong><br><\/span>Sok boldogs\u00e1got k\u00edv\u00e1nunk a n\u0151knek, az istenn\u0151knek k\u00fcl\u00f6n\u00f6sen. J\u00f3 tudni, hogy a n\u0151i-f\u00e9rfi egyenrang\u00fas\u00e1got induk\u00e1lja az istenn\u0151i princ\u00edpium \u00e9ltet\u00e9se, a j\u0151 istenek vil\u00e1g\u00e1ban.<\/p>\n\n\n\n<p><span style=\"text-decoration: underline;\"><strong>A hast\u00e1ncol\u00e1s j\u00f3 hat\u00e1s\u00fa a n\u0151kre is, a f\u00e9rfiakra is &#8211; m\u00e1rcius 1.<\/strong><br><\/span>A hast\u00e1ncol\u00e1s \u00e9l\u00e9nk\u00edti a fant\u00e1zi\u00e1t \u00e9s a kreativit\u00e1st is, a jobb \u00e9s a bal oldalt egyens\u00falyba hozza, aktiviz\u00e1lja. \u00c9rdemes otthon, est\u00e9nk\u00e9nt is egy j\u00f3t hast\u00e1ncolni, kedvenc zenesz\u00e1mra &#8211; az alv\u00e1s is javul. A f\u00e9rfiszemmel ugyancsak j\u00f3, vid\u00e1m\u00edt\u00f3 hat\u00e1s\u00fa a hast\u00e1nc. A n\u0151ket megsz\u00e9p\u00edti is. Ez\u00e9rt is szervez\u00fcnk hast\u00e1ncol\u00e1st a rendezv\u00e9nyeinken is. \u00c9s propag\u00e1ljuk a hast\u00e1ncos bulikat is.<\/p>\n\n\n\n<p><span style=\"text-decoration: underline;\"><strong>A pozit\u00edv m\u00e9dia fontoss\u00e1ga &#8211; febru\u00e1r 25.<\/strong><br><\/span>L\u00e9nyeges, hogy a j\u00f3 emberek tudat\u00e1t, szellem\u00e9t, fant\u00e1zi\u00e1j\u00e1t ink\u00e1bb fejlessz\u00fck, jav\u00edtsuk, gondozzuk! Ennek \u00e9rdek\u00e9ben egy komoly tan\u00e1cskoz\u00e1st szervez\u00fcnk, melyre megh\u00edvjuk&nbsp; a megfelel\u0151 m\u00e9diumok, szervezetek, c\u00e9gek k\u00e9pvisel\u0151t. A r\u00e9szleteket megtan\u00e1cskozzuk a TesTudaT Konferenci\u00e1nkon, m\u00e1rcius 25-\u00e9n. A M\u00e9dia F\u00f3rumunkat \u00e1prilis els\u0151 fel\u00e9ben tartjuk.<\/p>\n\n\n\n<p><span style=\"text-decoration: underline;\"><a rel=\"noreferrer noopener\" href=\"https:\/\/www.asvanyborze.hu\/18-lelkes-asvanyborze-a-mom-sportban\/\" target=\"_blank\"><strong>Lelkes \u00c1sv\u00e1nyb\u00f6rze &#8211; febru\u00e1r 22-23.<br><\/strong><\/a><\/span>Elege van m\u00e1r, hogy kiszemelt \u00e1sv\u00e1nyait t\u00f6bb helyr\u0151l, hossz\u00fa kutat\u00e1s ut\u00e1n siker\u00fcl beszereznie? R\u00e1ad\u00e1sul m\u00e9lyen a p\u00e9nzt\u00e1rc\u00e1j\u00e1ba kell ny\u00falnia miattuk? Van egy remek aj\u00e1nlatom az \u00d6n sz\u00e1m\u00e1ra. Szeretettel v\u00e1rjuk az \u00e9v legnagyobb \u00e1sv\u00e1nyb\u00f6rz\u00e9j\u00e9re \u00e9s egyben ki\u00e1ll\u00edt\u00e1s\u00e1ra, ahol lehet\u0151s\u00e9ge ny\u00edlik \u00e1sv\u00e1nyok, \u0151smaradv\u00e1nyok, dr\u00e1gak\u00f6vek, meteoritok, illetve ezekb\u0151l k\u00e9sz\u00fclt d\u00edszt\u00e1rgyak \u00e9s \u00e9kszerek megtekint\u00e9s\u00e9re \u00e9s megv\u00e1s\u00e1rl\u00e1s\u00e1ra.<br><strong>Kreat\u00edv f\u00f3rumunkat szombaton d\u00e9lut\u00e1n tartjuk.<\/strong> A J\u00f3 Istenek Het\u00e9ben.<\/p>\n\n\n\n<p><strong><span style=\"text-decoration: underline;\">IX.&nbsp; B\u00e9k\u00e9si H\u00f3ember Fesztiv\u00e1l &#8211; febru\u00e1r 8.<\/span><\/strong><br>Vid\u00e1m, sz\u00f3rakoztat\u00f3, kreat\u00edv programokkal \u00e9l\u00e9nk\u00edtj\u00fck a telet. B\u00e1r h\u00f3 nem lesz, de az\u00e9rt a fesztiv\u00e1l j\u00f3 hangulata meglesz. A t\u00e1rsas\u00e1gi \u00e9let\u00fcnkre, a sz\u00f3rakoz\u00e1sunk fejleszt\u00e9s\u00e9re is f\u00f3kusz\u00e1lunk<\/p>\n\n\n\n<p><strong><span style=\"text-decoration: underline;\">Kreat\u00edv tan\u00e1cskoz\u00e1st szervez\u00fcnk a F\u00f3rumunkon az \u00c9letm\u00f3d \u00e9s \u00c1sv\u00e1ny Exp\u00f3n<br><\/span><\/strong>Janu\u00e1r 25-\u00e9n nagyon sz\u00ednvonalas rendezv\u00e9nyen F\u00f3rumot is tartunk. F\u0151 t\u00e9m\u00e1nk z eg\u00e9szs\u00e9g\u00fcgy fejleszt\u00e9se, a t\u00e1rsas\u00e1gi \u00e9let\u00fcnk szervez\u00e9se \u00e9s a sz\u00f3rakoz\u00e1sunk innov\u00e1ci\u00f3ja. Az \u00c9letm\u00f3d \u00e9s \u00c1sv\u00e1ny Exp\u00f3n, janu\u00e1r 25-\u00e1n, a Lurdy Konferencia K\u00f6zpontban is tudunk j\u00f3l tan\u00e1cskozni. Aktivista Klubunkat is megszervezz\u00fck \u2013 vannak j\u00f3 t\u00e9m\u00e1ink, programjaink.<br>K\u00fcl\u00f6n\u00f6sen fontosnak tartjuk az \u00c9lm\u00e9ny Alkot\u00f3 T\u00e1borunk szervez\u00e9s\u00e9t, az EU-EXPO szervez\u00e9s\u00e9t, a Sz\u00e9ps\u00e9g Vil\u00e1gnapja szervez\u00e9s\u00e9t. <strong>Aktu\u00e1lisan a J\u00f3 Istenek 100. Het\u00e9ben \u2013 2025. janu\u00e1r 20-26.<\/strong><\/p>\n\n\n\n<p><strong>Sikeres, boldog \u00faj \u00e9vet k\u00edv\u00e1nunk!<\/strong><\/p>\n","protected":false},"excerpt":{"rendered":"<p>V\u00e1llalkoz\u00f3k Klubja \u00fcnnepe \u2013 anno 1989. December 29.El\u0151szilveszteri b\u00e1l az MSZP Sz\u00e9kh\u00e1z\u00e1ban Kellemes, vid\u00e1m, boldog Kar\u00e1csonyi \u00dcnnepeket k\u00edv\u00e1nunk!A szeretet \u00fcnnep\u00e9n figyelj\u00fcnk egym\u00e1sra, fejl\u0151dj\u00fcnk! A szellemvil\u00e1gunk fejleszt\u00e9se nagyon fontos \u2013 december &hellip; <\/p>\n<p><a href=\"http:\/\/www.x-party.hu\/yk\/diakvallforum\/?p=3160\" class=\"btn btn-readmore\">Read More <span class=\"screen-reader-text\"> &#8222;H\u00edrek, esem\u00e9nyek &#8211; 2025&#8221;<\/span><\/a><\/p>\n","protected":false},"author":1,"featured_media":2364,"comment_status":"closed","ping_status":"open","sticky":false,"template":"","format":"standard","meta":[],"categories":[1],"tags":[],"_links":{"self":[{"href":"http:\/\/www.x-party.hu\/yk\/diakvallforum\/index.php?rest_route=\/wp\/v2\/posts\/3160"}],"collection":[{"href":"http:\/\/www.x-party.hu\/yk\/diakvallforum\/index.php?rest_route=\/wp\/v2\/posts"}],"about":[{"href":"http:\/\/www.x-party.hu\/yk\/diakvallforum\/index.php?rest_route=\/wp\/v2\/types\/post"}],"author":[{"embeddable":true,"href":"http:\/\/www.x-party.hu\/yk\/diakvallforum\/index.php?rest_route=\/wp\/v2\/users\/1"}],"replies":[{"embeddable":true,"href":"http:\/\/www.x-party.hu\/yk\/diakvallforum\/index.php?rest_route=%2Fwp%2Fv2%2Fcomments&post=3160"}],"version-history":[{"count":53,"href":"http:\/\/www.x-party.hu\/yk\/diakvallforum\/index.php?rest_route=\/wp\/v2\/posts\/3160\/revisions"}],"predecessor-version":[{"id":3347,"href":"http:\/\/www.x-party.hu\/yk\/diakvallforum\/index.php?rest_route=\/wp\/v2\/posts\/3160\/revisions\/3347"}],"wp:featuredmedia":[{"embeddable":true,"href":"http:\/\/www.x-party.hu\/yk\/diakvallforum\/index.php?rest_route=\/wp\/v2\/media\/2364"}],"wp:attachment":[{"href":"http:\/\/www.x-party.hu\/yk\/diakvallforum\/index.php?rest_route=%2Fwp%2Fv2%2Fmedia&parent=3160"}],"wp:term":[{"taxonomy":"category","embeddable":true,"href":"http:\/\/www.x-party.hu\/yk\/diakvallforum\/index.php?rest_route=%2Fwp%2Fv2%2Fcategories&post=3160"},{"taxonomy":"post_tag","embeddable":true,"href":"http:\/\/www.x-party.hu\/yk\/diakvallforum\/index.php?rest_route=%2Fwp%2Fv2%2Ftags&post=3160"}],"curies":[{"name":"wp","href":"https:\/\/api.w.org\/{rel}","templated":true}]}}