{"id":3011,"date":"2024-01-01T16:29:39","date_gmt":"2024-01-01T16:29:39","guid":{"rendered":"http:\/\/www.x-party.hu\/yk\/diakvallforum\/?p=3011"},"modified":"2025-01-01T09:59:20","modified_gmt":"2025-01-01T09:59:20","slug":"hireink-esemenyeink-2024","status":"publish","type":"post","link":"http:\/\/www.x-party.hu\/yk\/diakvallforum\/?p=3011","title":{"rendered":"H\u00edreink, esem\u00e9nyeink &#8211; 2024"},"content":{"rendered":"\n<p><span style=\"text-decoration: underline;\"><strong>A V\u00e1llalkoz\u00f3k Klubj\u00e1t 1988-ban alap\u00edtottuk \u2013 nagy \u00fcnneps\u00e9g\u00fcnk * december 29.<\/strong><br><\/span>A V\u00e1llalkoz\u00f3k Klubja El\u0151szilveszteri b\u00e1lj\u00e1t az MSZP Sz\u00e9kh\u00e1z\u00e1ban szervezt\u00fck meg 1989. XII. 29-\u00e9n\u2014hatalmas sikerrel! A hatsz\u00e1z f\u0151s k\u00f6z\u00f6ns\u00e9g fantasztikusan j\u00f3 m\u0171sort l\u00e1thatott, melyben fell\u00e9pett Markos Gy\u00f6rgy humorista \u00e9s csapat, h\u00edres b\u00fav\u00e9szek, el\u0151ad\u00f3k, \u00e9s a legend\u00e1s Old Boys egy\u00fcttes \u2013 Szidor L\u00e1szl\u00f3 vezet\u00e9s\u00e9vel tartott t\u00e1ncos koncertet.\u00a0Meg\u00fcnnepelj\u00fck a 35. \u00e9vfordul\u00f3nkat.<br>A V\u00e1llalkoz\u00f3k Klubja egyes\u00fclett\u00e9 alakult 1990-ben. *** A V\u00e1llalkoz\u00f3k Klubja 2021-ben reinkarn\u00e1lt az EU-EXPO Klubunkba.<\/p>\n\n\n\n<p><span style=\"text-decoration: underline;\"><strong>Kellemes, boldog Kar\u00e1csonyi \u00fcnnepeket k\u00edv\u00e1nunk!<\/strong><br><\/span>Aj\u00e1nd\u00e9kot adni is, kapni is \u00f6r\u00f6m, \u00e9s \u00e9l\u00e9nk\u00edt\u0151 hat\u00e1s\u00fa is. A Kar\u00e1csonyi \u00fcnnepekkor lehet arra is f\u00f3kusz\u00e1lnunk, hogy az \u00e9let van, \u00e9s \u00e9lj\u00fcnk egyre jobban \u2013 l\u00e1sd Krisztusi tan\u00edt\u00e1sok.<\/p>\n\n\n\n<p><span style=\"text-decoration: underline;\"><strong>Ez\u00fcstvas\u00e1rnap + Aranyvas\u00e1rnap \u2013 december 15. \u00e9s 22.<\/strong><br><\/span>Orsz\u00e1gszerte nagyon sok sz\u00e9p, j\u00f3, \u00e9rdekes m\u0171sorral, v\u00e1s\u00e1rral, fesztiv\u00e1llal k\u00e9sz\u00fcl\u00fcnk a Kar\u00e1csonyi \u00fcnnep\u00fcnkre. Ilyenkor a t\u00e1rsas\u00e1gi \u00e9let, a csal\u00e1di \u00e9let fejleszt\u00e9se, er\u0151s\u00edt\u00e9se is f\u00f3kuszban van. A szeretet, az \u00e9let \u00fcnnepe!<\/p>\n\n\n\n<p><a rel=\"noreferrer noopener\" href=\"http:\/\/kibernologia.hu\/kibernologia.hu\/2024\/01\/01\/hirek-esemenyek-2024\/\" target=\"_blank\"><strong>12 \u00e9vvel ezel\u0151tt 2012. 12. 12-\u00e9n tartottuk az els\u0151 konferenci\u00e1nkat \u2013 12. 12.<\/strong><\/a><br>A kibernol\u00f3gia tudom\u00e1ny\u00e1nak megalapoz\u00e1sa c\u00e9lj\u00e1b\u00f3l is szervezt\u00fcnk egy k\u00fcl\u00f6nleges konferenci\u00e1t, melyben a Korm\u00e1nyzati Tan\u00e1csad\u00f3 J\u00f3sda \u00e9s a Di\u00e1kok \u00e9s V\u00e1llalkoz\u00f3k F\u00f3ruma, valamint a grafol\u00f3gia \u00f6sszej\u00f6tt. Ezek ut\u00e1n egy \u00fajabb szalmai f\u00f3rumot szervez\u00fcnk janu\u00e1r 25-ln, az \u00c9letm\u00f3d \u00e9s \u00c1sv\u00e1ny Exp\u00f3n. A kibernol\u00f3gia expanzi\u00f3j\u00e1t is megt\u00e1rgyaljuk, mert bebizonyosodott hasznoss\u00e1ga.<\/p>\n\n\n\n<p><span style=\"text-decoration: underline;\"><strong>EU-EXPO Klub \u00e9s MIss \u00cdrisz v\u00e1laszt\u00e1s &#8211; december 7.-8<br><\/strong><\/span>Megt\u00e1rgyaljuk ez \u00e9vi esem\u00e9nyeinket, \u00e9s megtervezz\u00fck a 2025-\u00f6s programjainkat is. A Sz\u00e9ps\u00e9g Vil\u00e1gnapja After-partij\u00e1ra is sor ker\u00fcl, melyen megv\u00e1lasztjuk a Miss \u00cdriszt, \u00e9s megt\u00e1rgyaljuk a nemzetk\u00f6zi expanzi\u00f3nkat 2025-ben. A sz\u00f3rakoz\u00e1sunk fejleszt\u00e9s\u00e9re is f\u00f3kusz\u00e1lunk. Helysz\u00edn a Lurdy K. K. a Lelkes \u00c1sv\u00e1nyb\u00f6rz\u00e9n &#8211; ez ugyancsak nagyon j\u00f3.<br>Miss \u00cdrisz 2024-ben: Kat\u00f3 Anna.<\/p>\n\n\n\n<p><a rel=\"noreferrer noopener\" href=\"https:\/\/fiatalvallalkozokhete.hu\/\" target=\"_blank\"><strong>Fiatal V\u00e1llalkoz\u00f3k Hete \u2013 november 25-29.<\/strong><\/a><br>K\u00f6zel k\u00e9t \u00e9vtizede Magyarorsz\u00e1g legnagyobb \u00fczleti \u00e9s karrieresem\u00e9nye, amely a fiatal v\u00e1llalkoz\u00f3k t\u00e1mogat\u00e1s\u00e1ra \u00e9s inspir\u00e1l\u00e1s\u00e1ra j\u00f6tt l\u00e9tre. 15 v\u00e1rosban v\u00e1rj\u00e1k az \u00e9rdekl\u0151d\u0151ket, az esem\u00e9nyek ingyenesen l\u00e1togathat\u00f3k. A k\u00f6zponti programok keret\u00e9ben ismert \u00fczletemberek \u00e9s szak\u00e9rt\u0151k tartanak el\u0151ad\u00e1sokat, akik szem\u00e9lyes t\u00f6rt\u00e9neteikkel \u00e9s gyakorlati tan\u00e1csaikkal seg\u00edtik a r\u00e9sztvev\u0151ket.&nbsp;A rendezv\u00e9ny c\u00e9lja, hogy minden fiatal r\u00e9sztvev\u0151 inspir\u00e1ci\u00f3t \u00e9s azonnal alkalmazhat\u00f3 tud\u00e1st kapjon, amelyet be\u00e9p\u00edthet karrierj\u00e9be vagy v\u00e1llalkoz\u00e1s\u00e1ba. Kov\u00e1cs Patrik, a FIVOSZ eln\u00f6ke elmondta, hogy az esem\u00e9nysorozat eddig is jelent\u0151s hat\u00e1st gyakorolt a magyar gazdas\u00e1gra: az esem\u00e9nyek sor\u00e1n rengeteg \u00faj v\u00e1llalkoz\u00e1s sz\u00fcletett, \u00fczleti kapcsolatok j\u00f6ttek l\u00e9tre, \u00e9s sz\u00e1mos r\u00e9sztvev\u0151 tal\u00e1lt \u00faj partnert vagy munk\u00e1ltat\u00f3t.<\/p>\n\n\n\n<p><strong><span style=\"text-decoration: underline;\">Kreat\u00edv tan\u00e1cskoz\u00e1sokat is szervez\u00fcnk &#8211; okt\u00f3ber 29.<\/span><\/strong><br>Nagyobb rendezv\u00e9nyeken nagyon hasznos lehet, ha a megjelentekkel konstrukt\u00edv, kreat\u00edv tan\u00e1cskoz\u00e1sokat is szervez\u00fcnk. A t\u00e9m\u00e1nkat megbesz\u00e9lj\u00fck. A fejl\u0151d\u00e9sre, az egy\u00fcttm\u0171k\u00f6d\u00e9sre, a k\u00fcl\u00f6nlegess\u00e9gekre nagyon f\u00f3kusz\u00e1lunk. \u00c1ltal\u00e1ban 4-9 f\u0151 r\u00e9szv\u00e9tel\u00e9vel, 1-2 \u00f3r\u00e1ban nagyon hasznos tud lenni egy ilyen tan\u00e1cskoz\u00e1s. Az eg\u00e9szs\u00e9g\u00fcgy \u00e9s a sz\u00f3rakoz\u00e1sunk fejleszt\u00e9se nagyon fontos.<\/p>\n\n\n\n<p><strong><span style=\"text-decoration: underline;\">A Sz\u00e9ps\u00e9g Vil\u00e1gnapja X. 14.<br><\/span><\/strong>Nagyon j\u00f3 programot dolgoztunk ki a 2025-\u00f6s Sz\u00e9ps\u00e9g Vil\u00e1gnapj\u00e1ra. A r\u00e9szleteket megtan\u00e1cskozzuk a klubjainkon is. A nemzetk\u00f6zi kapcsolataink fejleszt\u00e9s\u00e9re k\u00fcl\u00f6n f\u00f3kusz\u00e1lunk. Meg\u00fcnnepelj\u00fck a sz\u00e9ps\u00e9g istenn\u0151it is. A Miss \u00cdrisz v\u00e1laszt\u00e1st megtartjuk a Sz\u00e9ps\u00e9gkir\u00e1lyn\u0151k H\u00e9tv\u00e9g\u00e9j\u00e9n, decemberben.<\/p>\n\n\n\n<p><span style=\"text-decoration: underline;\"><strong>A Pozit\u00edv M\u00e9dia \u00e9s a J\u00f3 Istenek Hete \u2013 okt\u00f3ber 14-20.<\/strong><br><\/span>A sz\u00e9p, j\u00f3, \u00e9rdekes, hasznos k\u00f6z\u00f6ss\u00e9gi \u00e9let\u00fcnk \u00e9rdek\u00e9ben . fejl\u0151dj\u00fcnk el\u0151re, f\u00f6lfel\u00e9!<\/p>\n\n\n\n<p><span style=\"text-decoration: underline;\"><strong>\u00dcnnep\u00e9lyesen ind\u00edtjuk az idei EU-EXPO programjainkat \u2013 okt\u00f3ber 11.<\/strong><br><\/span>Id\u00e9n az eddigi fejleszt\u00e9seinket, terveinket tan\u00e1cskozzuk meg, annak \u00e9rdek\u00e9ben is, hogy 2025-ben okt\u00f3ber 10-16. nemzetk\u00f6zi m\u00e9ret\u0171v\u00e9 szervezz\u00fck ezt a nagyon j\u00f3 projekt\u00fcnket. A Sz\u00e9ps\u00e9g Vil\u00e1gnapj\u00e1n, X. 14-\u00e9n is a k\u00fcl\u00f6nlegess\u00e9gekre, a fejleszt\u00e9sekre f\u00f3kusz\u00e1lunk.<\/p>\n\n\n\n<p><\/p>\n\n\n\n<p><strong><span style=\"text-decoration: underline;\">A V\u00e1llalkoz\u00f3k Klubja megalap\u00edt\u00e1s\u00e1nak \u00fcnnepe.<\/span><\/strong><br>M\u00e9g 1988. szeptember 30-\u00e1n szervezt\u00fck meg az els\u0151 V\u00e1llalkoz\u00f3k Klubj\u00e1t a N\u00e9pligetben a Jurta-sz\u00ednh\u00e1zban, hatalmas sikerrel. Ezek ut\u00e1n fejl\u0151dt\u00fcnk \u00e9s egyik alap\u00edt\u00f3ja lett\u00fcnk a magyar v\u00e1llalkoz\u00f3i szf\u00e9r\u00e1nak. A klubjaink h\u00e1ziasszonya Zsila \u00c1gnes volt, \u00e9s a szt\u00e1rvend\u00e9geink olyan h\u00edress\u00e9gek, mint Palot\u00e1s J\u00e1nos, B\u00e9res J\u00f3zsef, D\u00e9ri J\u00e1nos. A felvir\u00e1gz\u00e1s ut\u00e1n egyes\u00fcletet is alap\u00edtottunk. \u00c9s a Szovjet Kult\u00fara \u00e9s Tudom\u00e1ny H\u00e1z\u00e1ban, ma Magyarok H\u00e1za, a nemzetk\u00f6zi kapcsoltainkat is felfejlesztett\u00fck. 2021-ben a V\u00e1llalkoz\u00f3k Klubj\u00e1t reinkarn\u00e1ltuk az EUEXPO-Klubunkba. Fejl\u0151dj\u00fcnk tov\u00e1bb, f\u00f6lfel\u00e9!<\/p>\n\n\n\n<p><strong><span style=\"text-decoration: underline;\">F\u00f3rumunk az \u00c9letm\u00f3d \u00e9s \u00c1sv\u00e1ny Exp\u00f3n &#8211; szeptember 21.<\/span><\/strong><br>Az eg\u00e9szs\u00e9gre \u00e9s a sz\u00f3rakoz\u00e1sunk fejleszt\u00e9s\u00e9re is f\u00f3kusz\u00e1lunk. <\/p>\n\n\n\n<p><span style=\"text-decoration: underline;\"><strong>Tan\u00e9vkezd\u00e9s &#8211; szeptember 1-2.<\/strong><br><\/span>Az ifj\u00fas\u00e1g legfontosabb feladata: &#8222;Tanulni, tanulni, tanulni!&#8221; &#8211; V. I. Lenin hatalmas instrukci\u00f3ja manaps\u00e1g nagyon aktu\u00e1lis. Ez\u00e9rt fejlesztj\u00fck a t\u00e9mak\u00f6reinket is, a di\u00e1ks\u00e1ggal, hogy kreat\u00edvan meg\u00fajuljunk, \u00e9s hat\u00e9konyak lehess\u00fcnk, nyeres\u00e9gesek, sikeresek. A Before-partinkon, szeptember 12-\u00e9n is f\u00f3kusz\u00e1lunk az EU-EXPO  \u00e9s a Sz\u00e9ps\u00e9g Vil\u00e1gnapja terveire, sikeress\u00e9g\u00e9re is. A &#8222;Tanul\u00e1s 65 \u00e9v felett is&#8221; mozgalmunkat ugyancsak effektualiz\u00e1ljuk. A tanterv\u00fcnkben az ezot\u00e9ria, az eg\u00e9szs\u00e9g, a m\u0171v\u00e9szet, az innov\u00e1ci\u00f3 \u00e9s a sz\u00f3rakoz\u00e1s kapnak kiemelt fontos t\u00e9mak\u00f6rt.A J\u00f3 Istenek vil\u00e1g\u00e1t ugyancsak \u00e9rdemes ismern\u00fcnk.<\/p>\n\n\n\n<p><strong>Nemzeti \u00fcnnep\u00fcnk \u2013 \u00c9ljen Augusztus 20!<\/strong><\/p>\n\n\n<div class=\"wp-block-image\">\n<figure class=\"alignleft\"><a href=\"http:\/\/www.x-party.hu\/essz\/EPALAP\/epalap-11\/wp-content\/uploads\/2024\/01\/dff6449017.jpg\"><img decoding=\"async\" src=\"http:\/\/www.x-party.hu\/essz\/EPALAP\/epalap-11\/wp-content\/uploads\/2024\/01\/dff6449017-300x60.jpg\" alt=\"\" class=\"wp-image-6608\"\/><\/a><\/figure><\/div>\n\n\n<p>\u00c1llamalap\u00edt\u00e1sunk \u00e9s nemzeti \u00f6sszetartoz\u00e1sunk \u00fcnnepe Augusztus 20. Orsz\u00e1gosan nagy fesztiv\u00e1lok, \u00fcnnepi v\u00e1s\u00e1rok \u00e9s m\u0171sorok keret\u00e9ben \u00e9lj\u00fck meg, hogy j\u00f3 magyarnak lenn! Budapesten hatalmas nagy t\u0171zij\u00e1t\u00e9kkal a fant\u00e1zi\u00e1nkat is fejlesztj\u00fck, \u00e9s er\u0151s\u00edts\u00fck, hogy szoci\u00e1lis \u00e9let nagyon j\u00f3. Dics\u0151s\u00e9g a j\u00f3 isteneknek is!<br>Id\u00e9n el\u0151sz\u00f6r, megv\u00e1lasztottuk az Augusztus 20-i \u00dcnneps\u00e9g Sz\u00e9p\u00e9t, aki egy fant\u00e1ziad\u00fas ki\u00e1ll\u00edt\u00f3 lett: Csisz\u00e1r Judit lett.<\/p>\n\n\n\n<p><strong><span style=\"text-decoration: underline;\">Kiemelten f\u00f3kusz\u00e1lunk az EU-s kapcsolatunk fejleszt\u00e9s\u00e9re &#8211; augusztus 4.<\/span><\/strong><br>Nagyon sok j\u00f3 t\u00e9m\u00e1ink, projekt\u00fcnk van, melyeket az Eur\u00f3pai Uni\u00f3ban is \u00e9rdemes expon\u00e1lnunk. AZ EU-EXPO, az EFISZ T\u00e1borok, az Eur\u00f3pai Sajt\u00f3sz\u00f6vets\u00e9g\u00fcnk, az Eur\u00f3pai Fiatalok Sz\u00f6vets\u00e9ge mindenk\u00e9ppen hasznos az Eur\u00f3pai Uni\u00f3ban. A kapcsolataink kialak\u00edt\u00e1sa, fejleszt\u00e9se \u00e9rdek\u00e9ben kreat\u00edv tan\u00e1cskoz\u00e1sokat tartunk \u00e9s f\u00f3rumokat is szervez\u00fcnk. A rekl\u00e1m-propaganda ter\u00e9n m\u00e9g er\u0151s\u00f6dn\u00fcnk kell. Rendezv\u00e9nyeken a szervez\u00e9seinket is tudjuk j\u00f3l prezent\u00e1lni. Augusztusban sok j\u00f3 fesztiv\u00e1l, \u00fcnneps\u00e9g j\u00f3 lehet\u0151s\u00e9geket biztos\u00edtanak nek\u00fcnk is a kapcsolataink fejleszt\u00e9se, a t\u00e9m\u00e1ink expon\u00e1l\u00e1sa ter\u00e9n. K\u00f6vetkezik augusztus 17-\u00e9n egy komplex EU-EXPO Klub a Bogl\u00e1ri Sz\u00fcreti Fesztiv\u00e1lon. AZ Augusztus 20-i \u00fcnneps\u00e9gek is hasznosak lesznek nek\u00fcnk is.<br>A &#8222;Tanul\u00e1s 65 \u00e9v felett is&#8221; mozgalmunk nagyon hasznos, erre is nagyon f\u00f3kusz\u00e1lunk.<\/p>\n\n\n\n<p><strong><span style=\"text-decoration: underline;\">Meg\u00faj\u00edtjuk a sz\u00f3rakoz\u00e1skult\u00far\u00e1nkat &#8211; j\u00falius 20.<br><\/span><\/strong>F\u00f3rumokat szervez\u00fcnk annak \u00e9rdek\u00e9ben, hogy vid\u00e9ken is lehessen j\u00f3kat sz\u00f3rakozni. Sok j\u00f3 t\u00e9m\u00e1nk van e t\u00e9ren, de a legfontosabb a j\u00f3 t\u00e1rsas\u00e1g, szerz\u0151k aktiviz\u00e1l\u00e1sa. Kiemelten fontos tan\u00e1cskoz\u00e1sokat tartunk vid\u00e9ki v\u00e1rosokban is. \u00c9rdemes j\u00f3l, vid\u00e1man \u00e9lni!<\/p>\n\n\n\n<p><a href=\"https:\/\/x-party.hu\/emesebal\/emeseparty-2024.html\" data-type=\"URL\" data-id=\"https:\/\/x-party.hu\/emesebal\/emeseparty-2024.html\"><strong>Emese b\u00e1l-partink j\u00falius 5.<\/strong><\/a><strong><br><\/strong>Az \u0151si hagyom\u00e1nyainkat tisztelj\u00fck \u00e9s tov\u00e1bbfejlesztj\u00fck. Emese \u0151sany\u00e1nk tisztelete fontos sz\u00e1munkra. Megv\u00e1lasztjuk a Party Sz\u00e9p\u00e9t is. J\u00f3l sz\u00f3rakozunk. Ind\u00edtjuk k\u00fcl\u00f6nleges, nagyon fontos programunkat is, a &#8222;Tanul\u00e1s 65 \u00e9v felett&#8221; mozgalmunkat. <\/p>\n\n\n\n<p><strong><span style=\"text-decoration: underline;\">Tan\u00e1cskozunk az eg\u00e9szs\u00e9g\u00fcnkr\u0151l \u00e9s a sz\u00f3rakoz\u00e1sunkr\u00f3l -j\u00fanius 29.<\/span><\/strong><br>Nagyon fontos, mindenkit \u00e9rint\u0151 t\u00e9m\u00e1ink ezek. Felm\u00e9r\u00e9seink alapj\u00e1n \u00e1ll\u00edtjuk, hogy nagyon \u00e9rdemes \u00e9rtelmesen, kreat\u00edvan tan\u00e1cskoznunk ezekr\u0151l is. A betegs\u00e9gek pszich\u00e9s komponenseinek felismer\u00e9se \u00e9s kezel\u00e9se p\u00e9ld\u00e1ul grafol\u00f3gi\u00e1val is hat\u00e9kony. A sz\u00f3rakoz\u00e1sunkban a vid\u00e1ms\u00e1gnak \u00e9s a m\u0171v\u00e9szi alkot\u00e1sainknak lenne nagy szerepe. Mindemezekr\u0151l orsz\u00e1gos szinten is akci\u00f3kat, tan\u00e1cskoz\u00e1sokat szervez\u00fcnk. Hogyan, mik\u00e9ppen, kikkel -megbesz\u00e9lj\u00fck a F\u00f3rumainkon is. El\u0151k\u00e9sz\u00edt\u0151 tan\u00e1cskoz\u00e1st tartunk j\u00fanius 29-\u00e9n.<\/p>\n\n\n\n<p><strong><span style=\"text-decoration: underline;\">K\u00fcl\u00f6nleges f\u00f3rumot szervez\u00fcnk a K\u00f6nyvh\u00e9ten &#8211; j\u00fanius 14.<\/span><\/strong><br>Felm\u00e9r\u00e9seinkb\u0151l kider\u00fcl, hogy a di\u00e1ks\u00e1g sz\u00f3rakoz\u00e1skult\u00far\u00e1ja is, az eg\u00e9szs\u00e9ge is fejleszt\u00e9sre szorul. A t\u00e9m\u00e1inkkal mindenk\u00e9ppen j\u00f3 hat\u00e1ssal vagyunk azokra, akikben van lelkesed\u00e9s, kreativit\u00e1s, t\u00e1rsas\u00e1gi \u00e9letre val\u00f3 hajlam. Ez\u00e9rt az idei K\u00f6nyvh\u00e9ten is h\u00edvjuk a di\u00e1kokat \u00e9s a v\u00e1llalkoz\u00f3kat egy kreat\u00edv tan\u00e1cskoz\u00e1sra. Id\u00e9n a Sz\u00e9ps\u00e9g Vil\u00e1gnapj\u00e1ra (X. 14.) az EU-EXPO klubra, az \u00c9lm\u00e9ny Alkot\u00f3 T\u00e1borunkra \u00e9s a Sz\u00f3rakoz\u00e1sunk meg\u00faj\u00edt\u00e1s\u00e1ra er\u0151sen f\u00f3kusz\u00e1lunk. Az eredm\u00e9nyeket \u00f6sszefoglaljuk \u00e9s publik\u00e1ljuk is. Az ideol\u00f3gi\u00e1nknak, a Dialektikus idealizmusnak is j\u00f3 a hat\u00e1sa az ember szellem\u00e9re is. Ezt is expon\u00e1ljuk a rendezv\u00e9nyeinken. <\/p>\n\n\n\n<p><a rel=\"noreferrer noopener\" href=\"https:\/\/www.eletmodexpo.hu\/\" target=\"_blank\"><strong>\u00c9letm\u00f3d \u00e9s \u00c1sv\u00e1ny Expo\u2014V. 25-26<\/strong><\/a><br>A Lurdy Konferencia K\u00f6zpont \u00e9s a Lelkes \u00c1sv\u00e1nyb\u00f6rze nagyon sz\u00ednvonalas rendezv\u00e9nye. Sok \u00e9rdekes, hasznos ki\u00e1ll\u00edt\u00f3val, term\u00e9kekkel, szolg\u00e1ltat\u00e1sokkal. Az EU-EXPO N\u00edv\u00f3d\u00edjas rendezv\u00e9nye. A term\u00e9szetgy\u00f3gy\u00e1szat, a grafoter\u00e1pia, a j\u00f3ga, a zenevar\u00e1zs, a szellemgy\u00f3gy\u00e1szat az \u00e9kszerek, \u00e1sv\u00e1nyok \u00e9s m\u00e1s k\u00fcl\u00f6nlegess\u00e9gek a j\u00f3 \u00e9letm\u00f3d szolg\u00e1lat\u00e1ban.&nbsp;Gyerekeknek, feln\u0151tteknek egyar\u00e1nt aj\u00e1nlhat\u00f3. J\u00f3 el\u0151ad\u00e1sokat tartanak. Megkompon\u00e1ljuk az \u00c9lm\u00e9ny dallam\u00e1t is.&nbsp;Www.eletmodexpo.hu<\/p>\n\n\n\n<p><span style=\"text-decoration: underline;\"><strong>Kellemes, hasznos, j\u00f3, vid\u00e1m P\u00fcnk\u00f6sdi \u00dcnnepeket k\u00edv\u00e1nunk! &#8211; m\u00e1jus 19-20.<\/strong><br><\/span>A szellemvil\u00e1gunk az angyalokkal egy\u00fctt fejl\u0151dj\u00fcnk \u00e9rtelmesen, j\u00f3l!<\/p>\n\n\n\n<p><strong>\u00datt\u00f6r\u0151-\u00fcnnep \u2013 m\u00e1jus 17.<\/strong><\/p>\n\n\n<div class=\"wp-block-image\">\n<figure class=\"alignleft\"><a href=\"http:\/\/www.x-party.hu\/eya\/wp-content\/uploads\/2024\/01\/u-j-1.png\"><img decoding=\"async\" src=\"http:\/\/www.x-party.hu\/eya\/wp-content\/uploads\/2024\/01\/u-j-1-150x150.png\" alt=\"\" class=\"wp-image-6053\"\/><\/a><\/figure><\/div>\n\n\n<p>A szocializmusban, 1948. m\u00e1jus 17-\u00e9n bontott z\u00e1szl\u00f3t a Magyar \u00datt\u00f6r\u0151k Sz\u00f6vets\u00e9ge. Az \u00datt\u00f6r\u0151k 12 pontja egy\u00e9rtelm\u0171en igazolja, hogy a magyar nemzet\u00fcnk egyik legjobb, legintelligensebb szervezet j\u00f6tt l\u00e9tre. A dics\u0151s\u00e9ges szocializmusban a gyerekvil\u00e1gnak egy igazi j\u00f3 k\u00f6z\u00f6ss\u00e9gi \u00e9let\u00e9t adta az \u00datt\u00f6r\u0151k Sz\u00f6vets\u00e9ge. \u00d6r\u00f6k dics\u0151s\u00e9g a kommunista h\u0151s\u00f6knek!<\/p>\n\n\n\n<p><strong><span style=\"text-decoration: underline;\">Eur\u00f3pa napja \u2013 m\u00e1jus 12.<\/span><br><\/strong>Orsz\u00e1gszerte m\u00e9lt\u00f3 m\u00f3don \u00fcnnepelj\u00fck meg, hogy pont h\u00fasz \u00e9ve lett tagja az Eur\u00f3pai Uni\u00f3nak a Magyar K\u00f6zt\u00e1rsas\u00e1g. Budapesten a Szabads\u00e1g t\u00e9ren tartjuk rendk\u00edv\u00fcli klubpartinkat,alkotunk is \u00e9s szervez\u00fcnk is. Fejl\u0151dj\u00fcnk! Kreat\u00edv tan\u00e1cskoz\u00e1st is tartunk az EU fejleszt\u00e9s\u00e9r\u0151l. Megv\u00e1lasztjuk az Eur\u00f3pa nap Sz\u00e9p\u00e9t is.<\/p>\n\n\n\n<p><strong><span style=\"text-decoration: underline;\">Rendezv\u00e9nyek fejleszt\u00e9se nagyon fontos &#8211; \u00e1prilis 23.<\/span><\/strong><br>Kreativit\u00e1st n\u00f6vel\u0151 csoportm\u00f3dszerek ismertet\u00e9s\u00e9t \u00e9s alkalmaz\u00e1s\u00e1t is expon\u00e1ljuk megfelel\u0151 rendezv\u00e9nyeken a megjelent partnereknek. A saj\u00e1t szervezet fejleszt\u00e9sre is j\u00f3 ez, meg a t\u00f6bbi megjelent c\u00e9ggel val\u00f3 kapcsolat fejleszt\u00e9sre is nagyon hasznos lesz ez a kezdem\u00e9nyez\u00e9s\u00fcnk. A di\u00e1koknak az\u00e9rt is hasznos, mert megtanulhatnak hat\u00e9kony, kreat\u00edv csoportm\u00f3dszereket is. Az ideol\u00f3gi\u00e1nknak, a Dialektikus idealizmusnak a j\u00f3 hat\u00e1s\u00e1t a gazdas\u00e1gra, alkot\u00e1sra, k\u00f6z\u00f6ss\u00e9gre \u00e1 ez\u00e9rt expon\u00e1ljuk megfelel\u0151 m\u00f3don az ideol\u00f3gi\u00e1nkat is. f\u00f3kusz\u00e1lunk az eg\u00e9szs\u00e9gre, a t\u00e1rsas\u00e1gi \u00e9letre, a sz\u00f3rakoz\u00e1sra. Terv\u00fcnk az Ipar napjain, az Eur\u00f3pa \u00fcnnep\u00e9n \u00e9s az \u00c9letm\u00f3d exp\u00f3n aktiviz\u00e1l\u00f3dunk. El\u0151k\u00e9sz\u00edt\u0151 tan\u00e1cskoz\u00e1sokat is tartunk.<\/p>\n\n\n\n<p><strong><span style=\"text-decoration: underline;\">29. Lelkes \u00c1sv\u00e1nyb\u00f6rze a Lurdyban &#8211; \u00e1prilis 12-14.<br><\/span><\/strong>Magyarorsz\u00e1g legnagyobb, legrangosabb \u00e1sv\u00e1nyb\u00f6rz\u00e9je, Lelkes Andr\u00e1s \u00e9s csapata szervez\u00e9s\u00e9ben. 150 ki\u00e1ll\u00edt\u00f3 mutatja be sz\u00e9p, \u00e9rdekes, \u00e9rt\u00e9kes term\u00e9keit. Szombaton, 13&#8211;\u00e1n EU-EXPO klubunkat \u00e9s F\u00f3rumunkat is megszervezz\u00fck. \u00c9s megv\u00e1lasztjuk a Party Sz\u00e9p\u00e9t is. Az \u00e1sv\u00e1nyok sz\u00e9p vil\u00e1ga innovativit\u00e1sra, kreativit\u00e1sra is inspir\u00e1l. https:\/\/www.asvanyborze.hu\/ <\/p>\n\n\n\n<p><span style=\"text-decoration: underline;\"><strong>Kreat\u00edv F\u00f3rumunk a Construm\u00e1n &#8211; \u00e1prilis 12.<\/strong><br><\/span>Az eg\u00e9szs\u00e9gre, az innov\u00e1ci\u00f3ra \u00e9s a sz\u00f3rakoz\u00e1sra f\u00f3kusz\u00e1lunk. Kreativit\u00e1st n\u00f6vel\u0151 csoportm\u00f3dszerek ismertet\u00e9s\u00e9t is expon\u00e1ljuk, meg az ideol\u00f3gi\u00e1nknak, a Dialektikus idealizmusnak a j\u00f3 hat\u00e1s\u00e1t a gazdas\u00e1gra, alkot\u00e1sra, k\u00f6z\u00f6ss\u00e9gre.<\/p>\n\n\n\n<p>A Hungexpo rendezv\u00e9nyein is \u00e9rdemes f\u00f3rumunkat is szervezn\u00fcnk, hiszen vannak j\u00f3 v\u00e1llalkoz\u00f3k \u00e9s di\u00e1kok is. F\u00f3kusz\u00e1lunk a v\u00e1llalkoz\u00f3i szf\u00e9ra fejleszt\u00e9s\u00e9re, a sz\u00f3rakoz\u00e1sunkat is.<br><span style=\"text-decoration: underline;\"><strong>A v\u00e1llalkoz\u00f3i szf\u00e9ra \u00fcnnepe &#8211; \u00e1prilis 1.<br><\/strong><\/span>A V\u00e1llalkoz\u00f3k Klubj\u00e1t 1988 szeptember\u00e9ben alap\u00edtottuk meg. Egy k\u00fcl\u00f6n\u00f6sen fontos klub-d\u00e9lut\u00e1nunkat 1989. \u00c1prilis 1-\u00e9na tartottuk a VSZM-ben. Vend\u00e9geink voltak Palot\u00e1s J\u00e1nos a VOSz F\u0151titk\u00e1ra, Sz\u00e9k\u00e1cs Anna az APEH aleln\u00f6ke \u00e9s BKIK f\u0151titk\u00e1ra. A v\u00e1llalkoz\u00f3i szf\u00e9ra fejl\u0151d\u00f6tt. <br>Szilv\u00e1sy P\u00e9ter alap\u00edt\u00f3, klubvezet\u0151<\/p>\n\n\n\n<p><strong><span style=\"text-decoration: underline;\">H\u00fasv\u00e9ti \u00fczenet: \u00e9let&nbsp;van \u00e9s&nbsp;van Mennyorsz\u00e1g a j\u00f3knak! &#8211; m\u00e1rcius 29.<\/span><\/strong> \u00e1prilis 1.<\/p>\n\n\n<div class=\"wp-block-image\">\n<figure class=\"alignleft is-resized\"><a href=\"https:\/\/www.x-party.hu\/testudat\/tttk-2024\/testudatkonf-2024.html\" target=\"_blank\" rel=\"noreferrer noopener\"><img decoding=\"async\" loading=\"lazy\" src=\"http:\/\/www.x-party.hu\/ktj\/wp-content\/uploads\/2020\/01\/logo4-300x234.jpg\" alt=\"\" class=\"wp-image-2956\" width=\"151\" height=\"118\"\/><\/a><\/figure><\/div>\n\n<div class=\"wp-block-image\">\n<figure class=\"alignleft is-resized\"><a href=\"http:\/\/www.x-party.hu\/ktj\/wp-content\/uploads\/2024\/01\/iriszbal1.jpg\"><img decoding=\"async\" loading=\"lazy\" src=\"http:\/\/www.x-party.hu\/ktj\/wp-content\/uploads\/2024\/01\/iriszbal1.jpg\" alt=\"\" class=\"wp-image-3434\" width=\"118\" height=\"118\"\/><\/a><\/figure><\/div>\n\n\n<p><strong><a href=\"https:\/\/www.x-party.hu\/testudat\/tttk-2024\/testudatkonf-2024.html\" target=\"_blank\" rel=\"noreferrer noopener\">19. TesTudaT Konferencia \u00e9s \u00cdrisz b\u00e1lparty \u2013 m\u00e1rcius 25.<\/a><\/strong><br>Nagyon fontos, j\u00f3 t\u00e9m\u00e1kat tan\u00e1cskozunk meg speci\u00e1lis, k\u00fcl\u00f6nleges szak\u00e9rt\u0151kkel. A vil\u00e1gn\u00e9zet\u00fcnk korszer\u0171s\u00edt\u00e9se a Dialektikus idealizmussal, a sz\u00f3rakoz\u00e1sunk fejleszt\u00e9se, az eg\u00e9szs\u00e9g\u00fcgy jav\u00edt\u00e1sa, a gazdas\u00e1gunk fejleszt\u00e9se, a k\u00f6z\u00e9let jav\u00edt\u00e1s a dj\u00e1k a f\u0151 t\u00e9m\u00e1inkat. A J\u00f3 Istenek Het\u00e9ben startol a Konferencia, m\u00e1s napokon is tan\u00e1cskozunk. A konkl\u00fazi\u00f3kat publik\u00e1ljuk a megfelel\u0151 k\u00f6r\u00f6kben, partnereinknek, klubtagjainknak. A l\u00e9nyeg a fejl\u0151d\u00e9s, a r\u00e9gi j\u00f3 esem\u00e9nyek megbecs\u00fcl\u00e9se, a halad\u00e1s, meg\u00fajul\u00e1sunk. A helysz\u00edn a legend\u00e1s \u00datt\u00f6r\u0151-stadion a Margit-szigeten.<br>Este \u00cdrisz b\u00e1lpartin meg\u00fcnnepelj\u00fck \u00cdriszt, a sziv\u00e1rv\u00e1ny istenn\u0151j\u00e9t. A Miss \u00cdrisz sz\u00e9ps\u00e9gverseny\u00fcnket is l\u00e9nyegesen meg\u00faj\u00edtjuk. \u00c9s a vid\u00e1ms\u00e1gra is f\u00f3kusz\u00e1lunk.<\/p>\n\n\n\n<p><strong><span style=\"text-decoration: underline;\">A Kommunista Ifj\u00fas\u00e1gi Sz\u00f6vets\u00e9g megalakul\u00e1s\u00e1nak \u00fcnnepe \u00e9s a tavaszi nap-\u00e9j egyenl\u0151s\u00e9g \u2013 m\u00e1rcius 21.<\/span><\/strong><br>A KISZ az egyik legjobb szervezet, k\u00f6z\u00f6ss\u00e9g, melyet 1957-ben lett megalap\u00edtva. A Tavasz kezdete is m\u00e1rcius 21.<\/p>\n\n\n\n<p><strong><span style=\"text-decoration: underline;\">F\u00f3rumunk \u00faj t\u00e9m\u00e1ja: a grafol\u00f3gia hasznoss\u00e1gai &#8211; m\u00e1rcius 1.<\/span><\/strong><br>A di\u00e1kvil\u00e1gban \u00e9s a v\u00e1llalkoz\u00f3i szf\u00e9r\u00e1ban is k\u00fcl\u00f6n\u00f6sen hasznos lehet a grafol\u00f3gia alkalmaz\u00e1sa is. Err\u0151l tartunk egy f\u00f3rumot \u00e1prilisban. A di\u00e1koknak a tehets\u00e9g\u00fck tesztel\u00e9s\u00e9t, a v\u00e1llalkoz\u00f3knak a tev\u00e9kenys\u00e9g\u00fck, programjaik tesztel\u00e9s\u00e9t lehet grafol\u00f3giz\u00e1lni is.<\/p>\n\n\n\n<p><strong><span style=\"text-decoration: underline;\">Fontos a j\u00f3 sz\u00f3rakoz\u00e1s is &#8211; febru\u00e1r 14.<\/span><\/strong><br>Az illet\u00e9kes, \u00e9rdekelt c\u00e9gek, t\u00e1rsas\u00e1gok megh\u00edv\u00e1s\u00e1val szervez\u00fcnk egy kreat\u00edv tan\u00e1cskoz\u00e1st a Sz\u00f3rakoz\u00e1sunk \u00e9s az eg\u00e9szs\u00e9g\u00fcnk fejleszt\u00e9se \u00e9rdek\u00e9ben is. A TesTudaT Konferenci\u00e1nkon sok hasznos, j\u00f3 programot is ind\u00edtunk. Megbesz\u00e9l\u00e9st tartunk a N\u0151i Klubon \u00e9s az Utaz\u00e1s ki\u00e1ll\u00edt\u00e1son is.<\/p>\n\n\n\n<p><span style=\"text-decoration: underline;\"><strong>Az EU-EXPO fejleszt\u00e9se k\u00fcl\u00f6n\u00f6sen fontos &#8211; janu\u00e1r 19.<br><\/strong><\/span>A fantasztikusan j\u00f3 kezdem\u00e9nyez\u00e9st, az EU-EXPO \u00f6tlet\u00e9t 2015. janu\u00e1r 19-\u00e9n induk\u00e1ltuk. A klubszer\u0171 m\u0171k\u00f6d\u00e9s nagyon praktikus \u00e9s hasznos. Ebben az \u00e9vben az Eg\u00e9szs\u00e9g \u00e9s a Sz\u00f3rakoz\u00e1s t\u00e9mak\u00f6reinkre k\u00fcl\u00f6n is f\u00f3kusz\u00e1lunk. Az \u00c9vnyit\u00f3nkat janu\u00e1r 27-\u00e9n celebr\u00e1ljuk az \u00c9letm\u00f3d \u00e9s \u00c1sv\u00e1ny Exp\u00f3n a Lurdy Konferencia K\u00f6zpontban. \u00d6n\u00e1ll\u00f3 standunkon grafologiz\u00e1lunk is. A klubtags\u00e1g szervez\u00e9se \u00e9s a kombin\u00e1ci\u00f3s marketing\u00fcnket is expon\u00e1ljuk. Persze sz\u00f3rakozunk is. \u00c9lj\u00fcnk j\u00f3l, fejl\u0151dj\u00fcnk eg\u00e9szs\u00e9gesen. A megfelel\u0151 di\u00e1kszervezetekkel is egy\u00fcttm\u0171k\u00f6d\u00fcnk.<\/p>\n\n\n\n<p><strong><span style=\"text-decoration: underline;\">Di\u00e1k Humor Show az \u00faj\u00edt\u00e1sunk &#8211; janu\u00e1r 14.. janu\u00e1r <br><\/span><\/strong>A di\u00e1ks\u00e1g vid\u00e1ms\u00e1g\u00e1t, humor\u00e1t nagyon \u00e9rdemes expon\u00e1lni rendezv\u00e9nyeken, v\u00e1s\u00e1rokon, fesztiv\u00e1lokon, klubpartikon is. Ennek \u00e9rdek\u00e9ben k\u00fcl\u00f6n f\u00f3rumot szervez\u00fcnk a Farsang hav\u00e1ban, febru\u00e1rban. \u00c9s expon\u00e1ljuk, menedzselj\u00fck a humoriz\u00e1l\u00f3 di\u00e1kokat. Nagyon sok rendezv\u00e9nyen lenne fell\u00e9p\u00e9si lehet\u0151s\u00e9g\u00fck, mert nagyon j\u00f3, ha van egy kis humor, vid\u00e1ms\u00e1g is. Orsz\u00e1gos mozgalomm\u00e1 fogjuk ezt szervezni m\u00e1jusban. Az EU-EXPO egyik t\u00e9mak\u00f6re is a Sz\u00f3rakoz\u00e1s, teh\u00e1t e t\u00e9ren is, meg az Eur\u00f3pai Fiatalok Sz\u00f6vets\u00e9ge Aktivista klubjaiban i nagy szerepe lesz ennek a kezdem\u00e9nyez\u00e9s\u00fcnknek.<\/p>\n\n\n\n<p><span style=\"text-decoration: underline;\"><strong>Az eg\u00e9szs\u00e9gre \u00e9s a sz\u00f3rakoz\u00e1sunkra k\u00fcl\u00f6n\u00f6sen f\u00f3kusz\u00e1lunk 2024-ben<br><\/strong><\/span>A f\u00f3rumainkra megh\u00edvjuk a t\u00e9mak\u00f6reinkben \u00e9rdekelteket, szervezeteket, c\u00e9heket, m\u00e9di\u00e1kat is, mert nagyon fontosnak tartjuk, hogy legyen fejl\u0151d\u00e9s e t\u00e9mak\u00f6r\u00f6kben is. Az \u00c9letm\u00f3d exp\u00f3n, janu\u00e1r 28-\u00e1n akt\u00edv tan\u00e1cskoz\u00e1st is tartunk. Legy\u00fcnk sikeresek! &#8211; janu\u00e1r 5.<\/p>\n\n\n\n<p><span style=\"text-decoration: underline;\"><strong>Boldog, kellemes, eredm\u00e9nyes, sikeres \u00faj \u00e9vet k\u00edv\u00e1nunk 2024 &#8211; janu\u00e1r 1.<\/strong><\/span><\/p>\n","protected":false},"excerpt":{"rendered":"<p>A V\u00e1llalkoz\u00f3k Klubj\u00e1t 1988-ban alap\u00edtottuk \u2013 nagy \u00fcnneps\u00e9g\u00fcnk * december 29.A V\u00e1llalkoz\u00f3k Klubja El\u0151szilveszteri b\u00e1lj\u00e1t az MSZP Sz\u00e9kh\u00e1z\u00e1ban szervezt\u00fck meg 1989. XII. 29-\u00e9n\u2014hatalmas sikerrel! A hatsz\u00e1z f\u0151s k\u00f6z\u00f6ns\u00e9g fantasztikusan j\u00f3 &hellip; <\/p>\n<p><a href=\"http:\/\/www.x-party.hu\/yk\/diakvallforum\/?p=3011\" class=\"btn btn-readmore\">Read More <span class=\"screen-reader-text\"> &#8222;H\u00edreink, esem\u00e9nyeink &#8211; 2024&#8221;<\/span><\/a><\/p>\n","protected":false},"author":1,"featured_media":2364,"comment_status":"closed","ping_status":"open","sticky":false,"template":"","format":"standard","meta":[],"categories":[1],"tags":[],"_links":{"self":[{"href":"http:\/\/www.x-party.hu\/yk\/diakvallforum\/index.php?rest_route=\/wp\/v2\/posts\/3011"}],"collection":[{"href":"http:\/\/www.x-party.hu\/yk\/diakvallforum\/index.php?rest_route=\/wp\/v2\/posts"}],"about":[{"href":"http:\/\/www.x-party.hu\/yk\/diakvallforum\/index.php?rest_route=\/wp\/v2\/types\/post"}],"author":[{"embeddable":true,"href":"http:\/\/www.x-party.hu\/yk\/diakvallforum\/index.php?rest_route=\/wp\/v2\/users\/1"}],"replies":[{"embeddable":true,"href":"http:\/\/www.x-party.hu\/yk\/diakvallforum\/index.php?rest_route=%2Fwp%2Fv2%2Fcomments&post=3011"}],"version-history":[{"count":55,"href":"http:\/\/www.x-party.hu\/yk\/diakvallforum\/index.php?rest_route=\/wp\/v2\/posts\/3011\/revisions"}],"predecessor-version":[{"id":3158,"href":"http:\/\/www.x-party.hu\/yk\/diakvallforum\/index.php?rest_route=\/wp\/v2\/posts\/3011\/revisions\/3158"}],"wp:featuredmedia":[{"embeddable":true,"href":"http:\/\/www.x-party.hu\/yk\/diakvallforum\/index.php?rest_route=\/wp\/v2\/media\/2364"}],"wp:attachment":[{"href":"http:\/\/www.x-party.hu\/yk\/diakvallforum\/index.php?rest_route=%2Fwp%2Fv2%2Fmedia&parent=3011"}],"wp:term":[{"taxonomy":"category","embeddable":true,"href":"http:\/\/www.x-party.hu\/yk\/diakvallforum\/index.php?rest_route=%2Fwp%2Fv2%2Fcategories&post=3011"},{"taxonomy":"post_tag","embeddable":true,"href":"http:\/\/www.x-party.hu\/yk\/diakvallforum\/index.php?rest_route=%2Fwp%2Fv2%2Ftags&post=3011"}],"curies":[{"name":"wp","href":"https:\/\/api.w.org\/{rel}","templated":true}]}}