{"id":2601,"date":"2020-12-31T23:12:06","date_gmt":"2020-12-31T23:12:06","guid":{"rendered":"http:\/\/www.x-party.hu\/yk\/diakvallforum\/?p=2601"},"modified":"2021-12-22T16:27:43","modified_gmt":"2021-12-22T16:27:43","slug":"hirek-esemenyek-2021-i-felev","status":"publish","type":"post","link":"http:\/\/www.x-party.hu\/yk\/diakvallforum\/?p=2601","title":{"rendered":"H\u00edrek, esem\u00e9nyek &#8211; 2021."},"content":{"rendered":"\n<figure class=\"wp-block-image size-large\"><img decoding=\"async\" loading=\"lazy\" width=\"945\" height=\"189\" src=\"http:\/\/www.x-party.hu\/yk\/diakvallforum\/wp-content\/uploads\/2021\/12\/kellemeskaracsonyt.jpg\" alt=\"\" class=\"wp-image-2800\" srcset=\"http:\/\/www.x-party.hu\/yk\/diakvallforum\/wp-content\/uploads\/2021\/12\/kellemeskaracsonyt.jpg 945w, http:\/\/www.x-party.hu\/yk\/diakvallforum\/wp-content\/uploads\/2021\/12\/kellemeskaracsonyt-300x60.jpg 300w, http:\/\/www.x-party.hu\/yk\/diakvallforum\/wp-content\/uploads\/2021\/12\/kellemeskaracsonyt-768x154.jpg 768w\" sizes=\"(max-width: 945px) 100vw, 945px\" \/><\/figure>\n\n\n\n<p><strong>Az 1988-ban alap\u00edtott \u00e9s sikeresen m\u0171k\u00f6d\u0151 V\u00e1llalkoz\u00f3k Klubja reinkarn\u00e1lt az\u00a0EU-EXPO Klubba. 2022-t\u0151l ezt aktiviz\u00e1ljuk, fejlesztj\u00fck, szervezz\u00fck intenz\u00edven.<\/strong><\/p>\n\n\n\n<p><strong><span style=\"text-decoration: underline;\">EU-EXPO Klub \u00e9s F\u00f3rumunk &#8211; december 12.<br><\/span><\/strong>Az \u00c1sv\u00e1nyb\u00f6rz\u00e9n, a Lurdy Konferencia K\u00f6zpontban nagyon praktikus egy komplex rendezv\u00e9nyt, klubd\u00e9lut\u00e1nt di\u00e1kok \u00e9s v\u00e1llalkoz\u00f3k f\u00f3rum\u00e1t is megszervezni. A partnereink egym\u00e1ssal is konspir\u00e1lnak, \u00e9s a ki\u00e1ll\u00edt\u00e1s, v\u00e1s\u00e1ron prezent\u00e1l\u00f3 \u00e9rdekes, sz\u00e9p term\u00e9kforgalmaz\u00f3kkal is kapcsolatba ker\u00fclhetnek. A 2022-es terveinkr\u0151l is sz\u00f3 van, \u00e9s a sz\u00f3rakoz\u00e1skult\u00far\u00e1nk l\u00e9nyeges meg\u00faj\u00edt\u00e1sa, valamint az EU-EXPO klub szervez\u00e9se is f\u0151 t\u00e9m\u00e1nk. A Kar\u00e1csonyi \u00fcnnepekre is m\u00e9lt\u00f3an k\u00e9sz\u00fcl\u00fcnk.<\/p>\n\n\n\n<p><span style=\"text-decoration: underline;\"><strong>Testv\u00e9r-Fesztiv\u00e1lok F\u00f3ruma \u2013 november 19.<\/strong><br><\/span>A sz\u00f3rakoz\u00e1s-kult\u00far\u00e1nk l\u00e9nyeges meg\u00faj\u00edt\u00e1sa, fejleszt\u00e9se, a m\u00falt \u00e9rt\u00e9kei alapj\u00e1n \u2013 az egyik legfontosabb feladatunk 2022-ben. Ezt is megt\u00e1rgyaljuk, \u00e9s a di\u00e1ks\u00e1g mozg\u00f3s\u00edthat\u00f3s\u00e1g\u00e1t a rendezv\u00e9nyek ter\u00e9n. Az EU-s kapcsolatainkat 2022 m\u00e1sodik f\u00e9l\u00e9v\u00e9ben ind\u00edtjuk, most ink\u00e1bb t\u00e1j\u00e9koz\u00f3dunk a lehet\u0151s\u00e9gekr\u0151l. A klubtagjaink, partnereink egym\u00e1ssal j\u00f3 kapcsolatot tudnak kialak\u00edtani a f\u00f3rumunkon. Havonta szervezz\u00fck.<br><strong>Konkl\u00fazi\u00f3k:&nbsp;<\/strong><br>A t\u00e9mak\u00f6reinkre f\u00f3kusz\u00e1lunk, alkalmank\u00e9nt kett\u0151re.<br>A janu\u00e1r 28-i Testv\u00e9r-Fesztiv\u00e1lok F\u00f3ruma, ami egyben EU-EXPO Klub \u00e9s Partner \u00e9s M\u00e9dia Party is, az Eg\u00e9szs\u00e9g \u00e9s a Sz\u00f3rakoz\u00e1s lesz a f\u00f3kuszban.<br>Ennek megfelel\u0151 helysz\u00ednt v\u00e1lasztunk.<br>A szervez\u00e9sben, a rekl\u00e1m-propagand\u00e1ban a DNS-marketing m\u00f3dszer\u00fcnket is alkalmazzuk.<br>K\u00e9t szt\u00e1rvend\u00e9get is megh\u00edvunk.<br>H\u00e1rom rendezv\u00e9nyt kiemelten propag\u00e1lunk.<\/p>\n\n\n\n<p><span style=\"text-decoration: underline;\"><strong>Otthon Design \u0150sz \u00e9s Esk\u00fcv\u0151 ki\u00e1ll\u00edt\u00e1s a Hungexp\u00f3n \u2013 november 5-7.<\/strong><br><\/span>Ez a rendezv\u00e9ny az egyik legn\u00e9pszer\u0171bb a Hungexpo hatalmas spektrum\u00e1ban. Szinte mindenkit \u00e9rdekelhet, \u00e9rinthet. A lakberendez\u00e9s, a technika, a szolg\u00e1ltat\u00e1sok, a m\u00f3dszerek hatalmas t\u00e1rh\u00e1z\u00e1ban lehet v\u00e1logatni. A v\u00e1llalkoz\u00f3knak, a di\u00e1koknak, a m\u0171v\u00e9szeknek, a szakembereknek k\u00fcl\u00f6n\u00f6sen fontos ez a rendezv\u00e9ny.<br>Az Esk\u00fcv\u0151 ki\u00e1ll\u00edt\u00e1son j\u00f3l t\u00e1j\u00e9koz\u00f3dhatunk a hazai \u00e9s a nemzetk\u00f6zi divatrendekr\u0151l is.<br>A munka mellett a sz\u00f3rakoz\u00e1snak is tere ez az \u0151szi rendezv\u00e9ny!<\/p>\n\n\n\n<p><strong><span style=\"text-decoration: underline;\">Havi rendszeress\u00e9ggel tarunk f\u00f3rumokat &#8211; okt\u00f3ber 19.<\/span><\/strong><br>K\u00fcl\u00f6n\u00f6sen f\u0151kusz\u00e1lunk az EU-EXPO-ra, a Sz\u00e9ps\u00e9g Vil\u00e1gnapja programjaira, a Testv\u00e9r-Fesztiv\u00e1lok F\u00f3rum\u00e1ra. K\u00f6vetkezik: november 19. a Lurdy Konferencia K\u00f6zpontban &#8211; EFISZ, DVF \u00e9s TFF.<\/p>\n\n\n\n<p><strong><span style=\"text-decoration: underline;\">A Sz\u00e9ps\u00e9g Vil\u00e1gnapja \u2013 okt\u00f3ber 14.<br><\/span><\/strong><img decoding=\"async\" loading=\"lazy\" width=\"567\" height=\"443\" class=\"wp-image-378\" style=\"width: 150px;\" src=\"http:\/\/www.x-party.hu\/yk\/diakvallforum\/wp-content\/uploads\/2012\/09\/szvn-b.jpg\" alt=\"\" srcset=\"http:\/\/www.x-party.hu\/yk\/diakvallforum\/wp-content\/uploads\/2012\/09\/szvn-b.jpg 567w, http:\/\/www.x-party.hu\/yk\/diakvallforum\/wp-content\/uploads\/2012\/09\/szvn-b-300x234.jpg 300w\" sizes=\"(max-width: 567px) 100vw, 567px\" \/>\u201cA sz\u00e9ps\u00e9g a tiszta L\u00e9lek pomp\u00e1ja, a n\u0151i nem csod\u00e1latos var\u00e1zslata, meg\u00e9rdemli, hogy a Vil\u00e1g meg\u00fcnnepelje!\u201d \u2013 2003-\u00f3ta szervezz\u00fck meg mind\u00edg X. 14-\u00e9n. Napk\u00f6zben Exp\u00f3, este G\u00e1la, benne a Miss \u00cdrisz v\u00e1laszt\u00e1s, a Krist\u00e1lykorona m\u0171sora a sz\u00e9ps\u00e9g istenn\u0151inek tisztelet\u00e9re. 2022-ben val\u00f3di nagy vil\u00e1gnapi \u00fcnneps\u00e9get tartunk. Ezt id\u00e9n megtervezz\u00fck, megszervezz\u00fck.<\/p>\n\n\n\n<div class=\"wp-block-image\"><figure class=\"alignleft\"><a href=\"http:\/\/www.x-party.hu\/essz\/EPALAP\/epalap-11\/wp-content\/uploads\/2021\/01\/59887a6aa3.jpg\"><img decoding=\"async\" src=\"http:\/\/www.x-party.hu\/essz\/EPALAP\/epalap-11\/wp-content\/uploads\/2021\/01\/59887a6aa3-300x200.jpg\" alt=\"\" class=\"wp-image-5838\"\/><\/a><\/figure><\/div>\n\n\n\n<p><strong>EU-EXPO 2021 \u2013 okt\u00f3ber 11-17.<br><\/strong>Az EU-EXPO Budapesten startolt 2015-ben. A klubszer\u0171 szervez\u00e9s bev\u00e1lt. A f\u0151 t\u00e9mak\u00f6reinkre f\u00f3kusz\u00e1lunk, az Innov\u00e1ci\u00f3ra, a M\u0171v\u00e9szetre, a Testkult\u00far\u00e1ra, a Sz\u00e9ps\u00e9gre \u00e9s a Sz\u00f3rakoz\u00e1sra. Id\u00e9n megtervezz\u00fck a nemzetk\u00f6zi, EU-s expanzi\u00f3nkat,<\/p>\n\n\n\n<p><strong>A J\u00f3 Istenek Hete \u2013 60. \u2013 okt\u00f3ber 11-17.<\/strong><br>Az emberis\u00e9g j\u00f3 isteneinek meg\u00fcnnepl\u00e9s\u00e9ben most a Napistent \u00fcnnepelj\u00fck.Kell, hogy \u00e9let\u00fcnk forr\u00e1s\u00e1val nagyon j\u00f3ban legy\u00fcnk!<\/p>\n\n\n\n<p><strong><span style=\"text-decoration: underline;\">\u00daj\u00edtsuk meg, fejlessz\u00fck a sz\u00f3rakoz\u00e1sunk vil\u00e1g\u00e1t! &#8211; okt\u00f3ber 2.<br><\/span><\/strong>A vid\u00e1m, j\u00f3 \u00e9let, a sz\u00f3rakoz\u00e1s minden norm\u00e1lis embernek k\u00fcl\u00f6n\u00f6sen fontos. A hetvenes-nyolcvanas \u00e9vekben, a dics\u0151s\u00e9ges szocializmus idej\u00e9n nagyon j\u00f3 volt az egyetemeken a sz\u00f3rakoz\u00e1si lehet\u0151s\u00e9g, a diszk\u00f3k. Nem a ler\u00e9szeged\u00e9sr\u0151l sz\u00f3lt, hanem a j\u00f3 m\u0171sorokr\u00f3l, a romantik\u00e1r\u00f3l, a sz\u00f3rakoz\u00e1sr\u00f3l. Ez\u00e9rt kell ezt reaktiv\u00e1lnunk \u00e9s tov\u00e1bbfejleszten\u00fcnk a XXI. sz\u00e1zad technik\u00e1j\u00e1val, \u00e9rdekl\u0151d\u00e9s\u00e9vel. A di\u00e1ks\u00e1g \u00e9s a v\u00e1llalkoz\u00f3i szf\u00e9ra k\u00fcl\u00f6n\u00f6sen \u00e9rintett \u00e9rdekelt a mozgalmunkban val\u00f3 r\u00e9szv\u00e9telben, ez\u00e9rt rendszeres\u00edtj\u00fck e t\u00e9mak\u00f6r\u00fcnk tan\u00e1cskoz\u00e1sait. Az EU-EXPO Sz\u00f3rakoz\u00e1s napj\u00e1n, okt\u00f3ber 16-\u00e1n m\u00e1r prezent\u00e1ljuk a terveinket, a megval\u00f3s\u00edt\u00e1sunkat is. A vid\u00e1ms\u00e1g &#8211; FilmyxIQum, a sz\u00f3rakoztat\u00f3 m\u0171v\u00e9szet &#8211; Zene-festm\u00e9ny-t\u00e1nc, a romantika &#8211; Quantum-diszk\u00f3 a konkr\u00e9tumok. <\/p>\n\n\n\n<p><strong><span style=\"text-decoration: underline;\">A v\u00e1llalkoz\u00f3i szf\u00e9ra tan\u00edt\u00e1sa &#8211; szeptember 14.<br><\/span><\/strong>Kb. 60 \u00e9ves kor felett m\u00e1r \u00e9rdemes lenne \u00fajra tanulni! Ehhez a di\u00e1ks\u00e1got is be kell szervezni. A Before-partinkon (IX. 23.) megbesz\u00e9lj\u00fck, hogy milyen tant\u00e1rgyakra f\u00f3kusz\u00e1ljunk. \u00c9s a l\u00e9nyeg: meg\u00fajul a v\u00e1llalkoz\u00f3i szf\u00e9ra is. Meg a di\u00e1ks\u00e1g is, hiszen p\u00e9ld\u00e1ul a korszer\u0171 ideol\u00f3giai ismeretekre nekik is nagyon nagy sz\u00fcks\u00e9g\u00fck van.<\/p>\n\n\n\n<p><strong><span style=\"text-decoration: underline;\">Kezd\u0151dik az iskola &#8211; szeptember 1.<\/span><\/strong><br>A meg\u00fajul\u00e1st kidolgoztuk az elm\u00fal m\u00e1sf\u00e9l \u00e9v alatt. Most j\u00f6het a megval\u00f3s\u00edt\u00e1s. L\u00e9nyeg: a k\u00e9t szf\u00e9ra kreat\u00edv egy\u00fcttm\u0171k\u00f6d\u00e9se. \u00daj m\u00f3dszereket is alkalmazunk, melyekkel hat\u00e9konyabban tudjuk fokozni a k\u00fcl\u00f6nlegess\u00e9gek kital\u00e1l\u00e1s\u00e1t \u00e9s a megval\u00f3s\u00edt\u00e1s\u00e1t. A k\u00f6vetkez\u0151 F\u00f3rumainkon err\u0151l tan\u00e1cskozunk.<\/p>\n\n\n\n<p><strong><span style=\"text-decoration: underline;\">\u00c9ljen Augusztus 20 ! &#8211; Az Alkotm\u00e1nyunk, az \u00e1llamalap\u00edt\u00e1sunk \u00fcnnep\u00e9n<\/span><\/strong> egy k\u00fcl\u00f6nleges partit tartunk &#8211; benne: Di\u00e1kok \u00e9s V\u00e1llalkoz\u00f3k F\u00f3ruma, EFISZ Aktivista Klub, V\u00e1llalkoz\u00f3k Klubja, EU-EXPO Klub, KTJ, Kibernol\u00f3gusok T\u00e1rsas\u00e1ga.<br>Helysz\u00ednek: H\u0151s\u00f6k tere, Parlament el\u0151tti t\u00e9r, \u00dajpesti F\u0151t\u00e9r.<\/p>\n\n\n\n<p><strong><span style=\"text-decoration: underline;\">Kreat\u00edv tan\u00e1cskoz\u00e1sokat rendszeres\u00edt\u00fcnk &#8211; augusztus 3.<br><\/span><\/strong>Sok j\u00f3, hasznos t\u00e9m\u00e1nk van, melyek megval\u00f3s\u00edt\u00e1sa \u00e9rdek\u00e9ben kreativit\u00e1st n\u00f6vel\u0151 csoportm\u00f3dszereket is alkalmazunk a f\u00f3rumainkon, a klubpartinkon.  A f\u00f3kuszban az EU-EXPO, a Sz\u00e9ps\u00e9g Vil\u00e1gnapja, a Testv\u00e9r-fesztiv\u00e1lok F\u00f3ruma, a FilmyxIQum \u00e9s a Laharo-party lesz. K\u00f6vetkezik az augusztus 1\u00f6-i Klubpartink.<\/p>\n\n\n\n<p><span style=\"text-decoration: underline;\"><strong>G\u00f6r\u00f6gdinnye Fesztiv\u00e1l B\u00e9k\u00e9sen \u2013 j\u00falius 24.<\/strong><br><\/span>A vid\u00e1m sz\u00f3rakoz\u00e1s, az eg\u00e9szs\u00e9g \u00e9s a k\u00fcl\u00f6nlegess\u00e9gek vannak a f\u00f3kuszban. Id\u00e9n m\u00e1r hatodik alkalommal szervezz\u00fck meg B\u00e9k\u00e9s v\u00e1ros\u00e1ban a G\u00f6r\u00f6gdinnye Fesztiv\u00e1lt. Terv\u00fcnk az is, hogy 2022-ben m\u00e1r orsz\u00e1gos, 2023-ban nemzetk\u00f6zi lehessen ez a nagyon j\u00f3 kezdem\u00e9nyez\u00e9s\u00fcnk. A Testv\u00e9r-Fesztiv\u00e1lok F\u00f3rum\u00e1nak el\u0151k\u00e9s\u00edt\u00e9se is napirenden van.<br>Konkl\u00fazi\u00f3k, eredm\u00e9nyek:<\/p>\n\n\n\n<p><strong><span style=\"text-decoration: underline;\">F\u00f3rumot tartunk az \u00c1sv\u00e1nyb\u00f6rz\u00e9n &#8211; j\u00falius 17.<br><\/span><\/strong>Fantasztikusan j\u00f3 rendezv\u00e9ny a Lurdy-h\u00e1zi Lelkes \u00c1sv\u00e1nyb\u00f6rze. Egy laza f\u00f3rumot is szervez\u00fcnk, melyen megbesz\u00e9lj\u00fck a kreat\u00edv csapatmunk\u00e1nk fejleszt\u00e9s\u00e9t,  az EU-EXPO idei terveit, a Testv\u00e9r-fesztiv\u00e1lok F\u00f3ruma koncepci\u00f3j\u00e1t \u00e9s a Sz\u00e9ps\u00e9g Vil\u00e1gnapja X. 14. nemzetk\u00f6zi expon\u00e1l\u00e1s\u00e1t is. <br>Kezdem\u00e9nyezz\u00fck a Parti-asztalok rendszer\u00e9t is, ami a rendezv\u00e9nyeken lehets\u00e9ges 2-3 asztalok melletti speci\u00e1lis megbesz\u00e9l\u00e9sek szervez\u00e9s\u00e9t is.<br><strong><span style=\"text-decoration: underline;\">Konkl\u00fazi\u00f3:<\/span><\/strong> a di\u00e1ks\u00e1g aktiv\u00e1l\u00e1s\u00e1nak \u00faj m\u00f3dszereit is kidolgozzuk, a v\u00e1llalkoz\u00f3i szf\u00e9r\u00e1t az innov\u00e1ci\u00f3s programjainkkal mozg\u00f3s\u00edtjuk.<\/p>\n\n\n\n<p><span style=\"text-decoration: underline;\"><strong>10 \u00e9vesek lett\u00fcnk! &#8211; j\u00falius 3.<br><\/strong><\/span>2011. j\u00falius 3-\u00e1n szervezt\u00fck meg a Di\u00e1kok \u00e9s V\u00e1llalkoz\u00f3k els\u0151 F\u00f3rum\u00e1t, Balatonlell\u00e9n, az I. Magyar Vil\u00e1gtal\u00e1lkoz\u00f3n, melyet dr Tanka L\u00e1szl\u00f3 \u00e9s csapata szervezett. A F\u00f3rumon felsz\u00f3lalt Zombory G\u00e1bor, F\u00f6ldes Attila \u00e9s Szilv\u00e1sy P\u00e9ter alap\u00edt\u00f3 eln\u00f6k.<br><img decoding=\"async\" loading=\"lazy\" width=\"945\" height=\"189\" class=\"wp-image-2722\" style=\"width: 309px;\" src=\"http:\/\/www.x-party.hu\/yk\/diakvallforum\/wp-content\/uploads\/2020\/12\/dvf-2021-07-03.jpg\" alt=\"\" srcset=\"http:\/\/www.x-party.hu\/yk\/diakvallforum\/wp-content\/uploads\/2020\/12\/dvf-2021-07-03.jpg 945w, http:\/\/www.x-party.hu\/yk\/diakvallforum\/wp-content\/uploads\/2020\/12\/dvf-2021-07-03-300x60.jpg 300w, http:\/\/www.x-party.hu\/yk\/diakvallforum\/wp-content\/uploads\/2020\/12\/dvf-2021-07-03-768x154.jpg 768w\" sizes=\"(max-width: 945px) 100vw, 945px\" \/>Az informatika vil\u00e1g\u00e1val \u00e9s a v\u00e1llalkoz\u00f3i \u00e9s a di\u00e1ks\u00e1g konstrukt\u00edv egy\u00fcttm\u0171k\u00f6d\u00e9s\u00e9nek szervez\u00e9se volt (ma is!) a f\u0151 c\u00e9lunk. A di\u00e1kok nagyon lelkesek, kreat\u00edvak, a v\u00e1llalkoz\u00f3k ismerik a gyakorlati \u00e9letet, a gazdas\u00e1got, a lehet\u0151s\u00e9geket. \u00d6sszefog\u00e1s \u00e9s fejl\u0151d\u00e9s &#8211; ez a l\u00e9nyeg. Az ideol\u00f3gi\u00e1nk, a Dialektikus idealizmus, az alap.<br>Az \u00fcnneps\u00e9g\u00fcnket az Exp\u00f3-st\u00fadi\u00f3nkban tartjuk.<\/p>\n\n\n\n<p><span style=\"text-decoration: underline;\"><strong>\u00c9letm\u00f3d exp\u00f3 a Lurdy Konferencia K\u00f6zpontban \u2013 j\u00fanius 12-13.<\/strong><br><\/span>\u00d6n\u00e1ll\u00f3 standunkon t\u00e1j\u00e9koztatunk, rekl\u00e1mozunk, szervez\u00fcnk, grafol\u00f3giz\u00e1lunk. K\u00fcl\u00f6n\u00f6sen f\u00f3kusz\u00e1lunk a sz\u00f6vets\u00e9g\u00fcnk fejleszt\u00e9s\u00e9re, az Alapelveink \u00e9s az ideol\u00f3gi\u00e1nk expon\u00e1l\u00e1s\u00e1ra, a sz\u00f3rakoz\u00e1sunkra is. Az EU-ExPO K\u00fcl\u00f6nleges term\u00e9keinek megalkot\u00e1sait is induk\u00e1ljuk. Az eg\u00e9szs\u00e9ges \u00e9letre, az EFISZ \u00fcd\u00fcl\u0151nk l\u00e9trehoz\u00e1s\u00e1ra is figyel\u00fcnk. Az \u00c9letm\u00f3d exp\u00f3n lesz \u00c1sv\u00e1nysziget is, \u00e9s kital\u00e1lunk valami \u00e9rdekess\u00e9get az \u00e1sv\u00e1nydiz\u00e1jnban. El\u0151k\u00e9sz\u00edtj\u00fck a k\u00f6vetkez\u0151 rendezv\u00e9nyeinket is. Keress\u00fck a f\u0151titk\u00e1rn\u0151nket, h\u00e1ziasszonyunkat, hoszteszeinket \u00e9s a sz\u00e9ps\u00e9gversenyz\u0151inket is.<br>F\u00f3rumunkat 12-\u00e9n, szombaton, 16 \u00f3rakor tartjuk.<\/p>\n\n\n\n<p><span style=\"text-decoration: underline;\"><strong>Orsz\u00e1gos Edzetts\u00e9gi Tesztnap &#8211; m\u00e1jus 30.<\/strong><br><\/span>&#8222;\u00c9vr\u0151l \u00e9vre legy\u00fcnk egyre edzettebbek&#8221; &#8211; ez a Legy\u00fcnk term\u00e9szetesen eg\u00e9szs\u00e9gesek \u00e9s az Orsz\u00e1gos Edzetts\u00e9git Tesztnapunk legfontosabb \u00fczenete. Id\u00e9n is k\u00e9tszer szervezz\u00fck meg, k\u00f6vetkezik: november 7-i tesztnapunk. A 24 \u00e9ves kornak megfelel\u0151 edzetts\u00e9gi szint a norma. Er\u0151re magyarok!<\/p>\n\n\n\n<p><strong><span style=\"text-decoration: underline;\">Gyermeknap &#8211; m\u00e1jus 30.<br><\/span><\/strong>A gyermekek a j\u00f6v\u0151nk rem\u00e9nys\u00e9gei, nagyon fontos, hogy ezt \u0151k is tudj\u00e1k, meg\u00e9lj\u00e9k, \u00e9s fejl\u0151djenek el\u0151re, f\u00f6lfel\u00e9!<\/p>\n\n\n\n<p><strong><span style=\"text-decoration: underline;\">A sz\u00f3rakoz\u00e1skult\u00far\u00e1nk meg\u00faj\u00edt\u00e1sa k\u00fcl\u00f6n\u00f6sen fontos &#8211; m\u00e1jus 24.<br><\/span><\/strong>A zen\u00e9s-t\u00e1ncos vid\u00e1ms\u00e1g nagyon j\u00f3 volt a dics\u0151s\u00e9ges szocializmusban, de m\u00e1ra sajnos l\u00e9nyegesen degrad\u00e1lt a sz\u00f3rakoz\u00e1s vil\u00e1ga. \u00c9ppen ez\u00e9rt k\u00fcl\u00f6n\u00f6sen f\u00f3kusz\u00e1lunk a sz\u00f3rakoz\u00e1sra a Testv\u00e9r-Fesztiv\u00e1lok F\u00f3ruma szervez\u00e9s\u00e9ben is. A j\u00f3l t\u00e1ncolhat\u00f3, dallamos zen\u00e9k, a vid\u00e1m, \u00e9rdekes filmek, a t\u00e1rsasj\u00e1t\u00e9kok, a FilmyxIQumok, mind r\u00e9szei lesznek a meg\u00faj\u00edtott Laharo-partijainknak. Terveink szerint szeptemberben lesz a nagy premier.<\/p>\n\n\n\n<p><span style=\"text-decoration: underline;\"><strong>Az \u00fajra nyit\u00e1sra, a meg\u00fajul\u00e1sra k\u00e9sz\u00fcl az orsz\u00e1g &#8211; m\u00e1jus 14.<\/strong><br><\/span>A pand\u00e9mia sikeres lek\u00fczd\u00e9se ut\u00e1n \u00fajra megindul a k\u00f6z\u00f6ss\u00e9gi \u00e9let, mind a rendezv\u00e9nyek ter\u00e9n, mind pedig a szervezetek vil\u00e1g\u00e1ban. \u00c9rdemes \u00faj, j\u00f3, motiv\u00e1l\u00f3, megval\u00f3s\u00edthat\u00f3 c\u00e9lokat kit\u0171zn\u00fcnk! V\u00e1rhat\u00f3an a m\u00e1sodik f\u00e9l\u00e9vben lesz m\u00e1r \u00e9lvezhet\u0151 eredm\u00e9nye akci\u00f3inknak. Az Eur\u00f3pai Sajt\u00f3sz\u00f6vets\u00e9g \u00e9s az Eur\u00f3pai Fiatalok Sz\u00f6vets\u00e9ge, valamin az EU-EXPO szervez\u00e9se ugyancsak nagy innov\u00e1ci\u00f3nak n\u00e9z el\u00e9be. A r\u00e9szleteket megtan\u00e1cskozzuk az \u00f6sszej\u00f6veteleinken, az Aktivista Klubunkon, az EU-EXPO Klubunkon, a Partner- \u00e9s M\u00e9dia-partinkon is. Hajr\u00e1 el\u0151re!<\/p>\n\n\n\n<p><strong><span style=\"text-decoration: underline;\">Eur\u00f3pa \u00fcnnepe &#8211; m\u00e1jus 9.<\/span><\/strong><br>A II. Vil\u00e1gh\u00e1bor\u00fa megsz\u0171nt Eur\u00f3p\u00e1ban 1945. \u00e1prilis 9-\u00e9n. \u00c9s kezd\u0151d\u00f6tt egy \u00faj, jobb, szebb korszak, vil\u00e1g \u00e9p\u00edt\u00e9se a kontinens\u00fcnk\u00f6n.\u00c9ljen \u00e9s vir\u00e1gozz\u00e9k a nemzetek, a n\u00e9pek konstrukt\u00edv egy\u00fcttm\u0171k\u00f6d\u00e9se!<\/p>\n\n\n\n<p><strong><span style=\"text-decoration: underline;\">A magyar k\u00f6lt\u00e9szet napj\u00e1<\/span>t<\/strong>&nbsp;<a href=\"https:\/\/hu.wikipedia.org\/wiki\/Magyarorsz%C3%A1g\">Magyarorsz\u00e1gon<\/a>&nbsp;1964 \u00f3ta&nbsp;<a href=\"https:\/\/hu.wikipedia.org\/wiki\/%C3%81prilis_11.\">\u00e1prilis 11-\u00e9n<\/a>&nbsp;<a href=\"https:\/\/hu.wikipedia.org\/wiki\/J%C3%B3zsef_Attila\">J\u00f3zsef Attila<\/a>&nbsp;sz\u00fclet\u00e9snapj\u00e1n \u00fcnneplik. Ebb\u0151l az alkalomb\u00f3l minden \u00e9vben irodalmi el\u0151ad\u00f3estekkel, k\u00f6nyvbemutat\u00f3kkal, k\u00f6lt\u0151tal\u00e1lkoz\u00f3kkal \u00e9s -versenyekkel tisztelegnek a magyar l\u00edra el\u0151tt.<sup><a href=\"https:\/\/hu.wikipedia.org\/wiki\/A_magyar_k%C3%B6lt%C3%A9szet_napja#cite_note-1\">[1]<\/a><\/sup>&nbsp;A rendezv\u00e9nyeken klasszikus \u00e9s kort\u00e1rs k\u00f6lt\u0151k versei egyar\u00e1nt szerepelnek. Gyakran di\u00e1kok, vagy \u00e9ppen a ma is \u00e9l\u0151 szerz\u0151k tolm\u00e1csolj\u00e1k a k\u00f6ltem\u00e9nyeket.<br><strong>&#8222;A Sz\u00e9p Dal Ma&#8230;&#8221; Vers\u00edr\u00f3verseny<\/strong> klasszikus zen\u00e9kre &#8211; ugyancsak \u00fcnnepl\u00e9sre ad okot nek\u00fcnk. <\/p>\n\n\n\n<p><strong><span style=\"text-decoration: underline;\">TesTudaT Konferencia &#8211; m\u00e1rcius 25.<\/span><\/strong><\/p>\n\n\n\n<div class=\"wp-block-image\"><figure class=\"alignleft\"><a href=\"http:\/\/x-party.hu\/testudat\/tttk-2018\/testudatkonf-2018.html\" target=\"_blank\" rel=\"noreferrer noopener\"><img decoding=\"async\" src=\"http:\/\/www.x-party.hu\/essz\/EPALAP\/epalap-11\/wp-content\/uploads\/2021\/01\/dd8973f118-300x60.jpg\" alt=\"\" class=\"wp-image-5698\"\/><\/a><\/figure><\/div>\n\n\n\n<p>A f\u0151 t\u00e9m\u00e1ink id\u00e9n: a tudatos testedz\u00e9s \u00e9s \u00e9tkez\u00e9s \u00faj m\u00f3dszerei, az ideol\u00f3gi\u00e1nk a Dialektikus idealizmus terjeszt\u00e9se, a k\u00f6z\u00f6ss\u00e9gi \u00e9let\u00fcnk tov\u00e1bbfejleszt\u00e9se. Term\u00e9szetesen a sz\u00f3rakoz\u00e1s-kult\u00far\u00e1nk fejleszt\u00e9s\u00e9vel is foglalkozunk: a Humoros N\u00e9mafilmek Nemzetk\u00f6zi Fesztiv\u00e1lj\u00e1nak szervez\u00e9se nagyon fontos. \u00c9s &#8222;A Sz\u00e9p Dal Ma&#8230;&#8221; vers\u00edr\u00f3verseny zen\u00e9re ugyancsak a f\u00f3kuszban van. Az EU-EXPO \u00e9s a Testv\u00e9r-Fesztiv\u00e1lok F\u00f3ruma is fontos t\u00e9m\u00e1nk. A Miss \u00cdrisz v\u00e1laszt\u00e1s sz\u00e9ps\u00e9gverseny\u00fcnket meg\u00faj\u00edtjuk, csapatverseny is lesz, k\u00fcl\u00f6nleges d\u00edjakkal. Az els\u0151 TesTudaT Konferenci\u00e1nkat Tudatos test\u00e9p\u00edt\u00e9s c\u00edmen 2006. III. 25-\u00e9n szervezt\u00fck meg az RSZKK Sportcentrum\u00e1ban. A sikeren felbuzdulva minden \u00e9vben egyre ig\u00e9nyesebben, sz\u00ednvonalasabban szervezz\u00fck meg a TesTudaT Konferenci\u00e1nkat, a J\u00f3 Istenek Het\u00e9ben.<\/p>\n\n\n\n<p><strong><span style=\"text-decoration: underline;\">\u00dcnnepel a nemzet\u00fcnk! &#8211; m\u00e1rcius 15. \u00e9s 21.<br><\/span><\/strong>Az 1848-as szabads\u00e1gharcunk kezdet\u00e9nek, m\u00e1rcius 15-nek minden id\u0151kben nagy a n\u00e9pszer\u0171s\u00e9ge. Id\u00e9n is meg\u00fcnnepelj\u00fck orsz\u00e1gszerte.<br>A Magyar Kommunista Ifj\u00fas\u00e1gi Sz\u00f6vets\u00e9g 1957. m\u00e1rcius 21-\u00e9n bontott z\u00e1szl\u00f3t, \u00e9s nagyon sikeresen kifejlesztett\u00fck az ifj\u00fas\u00e1gi k\u00f6z\u00f6ss\u00e9gi \u00e9let j\u00f3 vil\u00e1g\u00e1t. A r\u00e9gi sz\u00e9p id\u0151ket reakt\u00edv\u00e1ljuk &#8211; ez a nagy \u00fczenete a dics\u0151s\u00e9ges m\u00faltunknak!<\/p>\n\n\n\n<p><strong><span style=\"text-decoration: underline;\">A di\u00e1kvil\u00e1g meg\u00faj\u00edt\u00e1s\u00e1ra is f\u00f3kusz\u00e1lunk &#8211; m\u00e1rcius 3.<br><\/span><\/strong>A XV. TesTudaT Konferenci\u00e1nkon, m\u00e1rcius 25-\u00e9n a k\u00f6z\u00f6ss\u00e9gi \u00e9let kiterjeszt\u00e9se is t\u00e9ma lesz, a di\u00e1ks\u00e1g szerepe a t\u00e1rsadalomban, a j\u00f6v\u0151nk \u00e9p\u00edt\u00e9s\u00e9ben nagyon fontos t\u00e9mak\u00f6r.<\/p>\n\n\n\n<p><strong><span style=\"text-decoration: underline;\">A vid\u00e1ms\u00e1g j\u00f3 hat\u00e1ssal van az immunrendszer\u00fcnkre &#8211; febru\u00e1r 24.<br><\/span><\/strong>Egzaktul, m\u0171szerekkel is lehet bizony\u00edtani, hogy a vid\u00e1ms\u00e1g, ami n\u00f6veli az \u00e9letkedv\u00fcnket, az immunrendszer\u00fcnket is fejleszti, er\u0151s\u00edti. A pand\u00e9mia idej\u00e9n ez most k\u00fcl\u00f6n\u00f6sen hasznos inform\u00e1ci\u00f3! Ennek \u00e9rdek\u00e9ben is fejlesztj\u00fck a sz\u00f3rakoz\u00e1skult\u00far\u00e1nkat is. A Laharo-party, a Pittbullv\u00e1rlap, a Humoros N\u00e9mafilmek Fesztiv\u00e1lja is nagyon j\u00f3 t\u00e9m\u00e1nk a sz\u00f3rakoz\u00e1s vil\u00e1g\u00e1ban.<\/p>\n\n\n\n<p><span style=\"text-decoration: underline;\"><strong>Humoros N\u00e9mafilmek Nemzetk\u00f6zi Fesztiv\u00e1lja: FilmyxIQum &#8211; febru\u00e1r 12<\/strong><br><\/span>A&nbsp; fant\u00e1zia, a humor \u00e9s a j\u00f3 v\u00e1llalkoz\u00f3i egy\u00fcttm\u0171k\u00f6d\u00e9s sor\u00e1n a di\u00e1ks\u00e1g is megmozg\u00f3s\u00edthat\u00f3 annak \u00e9rdek\u00e9ben, hogy egy k\u00fcl\u00f6nleges filmsorozat feldobja a n\u00e9z\u0151k, az alkot\u00f3k, a partnerek hangulat\u00e1t, \u00e9letkedv\u00e9t. A di\u00e1ks\u00e1g \u00e9rdekl\u0151d\u00e9se nagy, k\u00fcl\u00f6n\u00f6sen mostan\u00e1ban lesz majd hasznos a di\u00e1kok alkot\u00f3m\u0171v\u00e9szet\u00e9nek er\u0151s\u00edt\u00e9se, n\u00e9pszer\u0171s\u00edt\u00e9se.<br> A filmpremier m\u00e1rcius 25-\u00e9n lesz, az \u00cdrisz b\u00e1lpartin, ahol a Miss \u00cdrisz v\u00e1laszt\u00e1s els\u0151 el\u0151verseny\u00e9re is sor ker\u00fcl. Persze a zene t\u00e1nc is m\u0171soron lesz. \u2013 \u00c9rdemes m\u00e1r most, janu\u00e1rban megtervezni a j\u00f3 esem\u00e9nyeket, programokat!<\/p>\n\n\n\n<p><strong><span style=\"text-decoration: underline;\">\u00c9vnyit\u00f3 partink nagyon fontos \u2013 janu\u00e1r 21.<\/span><\/strong><br>\u00c9ves terv\u00fcnket prezent\u00e1ljuk klubtagjainknak, partnereinknek az Exp\u00f3-st\u00fadi\u00f3ban, 2021. janu\u00e1r 21-\u00e9n. Nagyon l\u00e9nyegesnek tartjuk a megval\u00f3s\u00edthat\u00f3s\u00e1got, a fejleszthet\u0151s\u00e9get \u00e9s a fenntarthat\u00f3s\u00e1got is. Ebben az \u00e9vben a klubh\u00e1l\u00f3zatunk b\u0151v\u00edt\u00e9s\u00e9re \u00f6sszpontos\u00edtunk. Havonta 1-2 EU-EXPO Klubot szervez\u00fcnk. A kreat\u00edv, konstrukt\u00edv egy\u00fcttm\u0171k\u00f6d\u00e9s jegy\u00e9ben. Az EU-s expanzi\u00f3nkat szeptemberben ind\u00edtjuk. Az idei EU-EXPO id\u0151pontja okt\u00f3ber 11-17. A Sz\u00e9ps\u00e9g Vil\u00e1gnapja lesz a k\u00f6z\u00e9ppontban. Szeretn\u00e9nk val\u00f3di vil\u00e1gnapp\u00e1 alak\u00edtani ezt a csod\u00e1latos j\u00f3 kezdem\u00e9nyez\u00e9s\u00fcnket, melyet el\u0151sz\u00f6r 2003-ban szervezt\u00fcnk meg, nagy sikerrel. Az EU-EXPO Klub szervez\u0151 bizotts\u00e1g\u00e1t febru\u00e1r v\u00e9g\u00e9re \u00f6ssze\u00e1ll\u00edtjuk, \u00e9s ezzel is a sikereinket fogjuk el\u00e9rni. Az X-party sziszt\u00e9m\u00e1nk bev\u00e1lt, tov\u00e1bbfejlesztj\u00fck.<br>Az EU-EXPO l\u00e9trehoz\u00e1s\u00e1nak \u00f6tlete 2015. janu\u00e1r 19-\u00e9n sz\u00fcletett meg, akkor a Hangexp\u00f3nak javasoltuk, de \u00f6n\u00e1ll\u00f3 projektt\u00e9 alak\u00edtottuk.<\/p>\n\n\n\n<p><strong><span style=\"text-decoration: underline;\">Els\u0151 F\u00f3rumunk sikeres lett! &#8211; janu\u00e1r 14.<br><\/span>Fontos konkl\u00fazi\u00f3ink:<\/strong><br>Nagyon hasznos a k\u00e9t szf\u00e9ra (di\u00e1kok, v\u00e1llalkoz\u00f3k) konstrukt\u00edv egy\u00fcttm\u0171k\u00f6d\u00e9s\u00e9nek intenz\u00edv megszervez\u00e9se 2021-ben.<br>Az EU-EXPO T\u00e9mak\u00f6reire (innov\u00e1ci\u00f3, m\u0171v\u00e9szet, testkult\u00fara, sz\u00e9ps\u00e9g, sz\u00f3rakoz\u00e1s) f\u00f3kusz\u00e1lunk a tov\u00e1bbiakban az \u00f6sszej\u00f6veteleinken, tan\u00e1cskoz\u00e1sainkon, f\u00f3rumainkon.<br>Febru\u00e1ri t\u00e9mak\u00f6r\u00fcnk: m\u0171v\u00e9szet.<\/p>\n\n\n\n<p><strong><span style=\"text-decoration: underline;\">T\u00edz \u00e9ve kezdem\u00e9nyezt\u00fck, hogy legyen a &#8222;Di\u00e1kok \u00e9s V\u00e1llalkoz\u00f3k F\u00f3ruma&#8221;<\/span><\/strong><br>A Hungexpo sajt\u00f3t\u00e1j\u00e9koztat\u00f3j\u00e1n ind\u00edtv\u00e1nyoztuk ezt a nagyszer\u00fa kezdem\u00e9nyez\u00e9s\u00fcnket, \u00e9s az els\u0151 Magyar Vil\u00e1gtal\u00e1lkoz\u00f3n, 2011. j\u00fanius 3-\u00e1n, Balatonlell\u00e9n szervezt\u00fck meg az els\u0151 Di\u00e1kok \u00e9s V\u00e1llalkoz\u00f3k F\u00f3rum\u00e1t.<br>2021-ben tov\u00e1bbfejlesztj\u00fck koncepci\u00f3nkat, az EU-EXPO, a Sz\u00e9ps\u00e9g Vil\u00e1gnapja, a TesTudaT Konferencia, a Testv\u00e9r-Fesztiv\u00e1lok F\u00f3ruma, a sz\u00f3rakoz\u00e1skult\u00far\u00e1nk meg\u00faj\u00edt\u00e1sa &#8211; ezek is szerepelnek a Di\u00e1kok \u00e9s v\u00c1llalkoz\u00f3k F\u00f3ruma t\u00e9m\u00e1iban.<\/p>\n\n\n\n<p><strong>Sikerekben gazdag, boldog \u00faj \u00e9vet k\u00edv\u00e1nunk!<\/strong><\/p>\n","protected":false},"excerpt":{"rendered":"<p>Az 1988-ban alap\u00edtott \u00e9s sikeresen m\u0171k\u00f6d\u0151 V\u00e1llalkoz\u00f3k Klubja reinkarn\u00e1lt az\u00a0EU-EXPO Klubba. 2022-t\u0151l ezt aktiviz\u00e1ljuk, fejlesztj\u00fck, szervezz\u00fck intenz\u00edven. EU-EXPO Klub \u00e9s F\u00f3rumunk &#8211; december 12.Az \u00c1sv\u00e1nyb\u00f6rz\u00e9n, a Lurdy Konferencia K\u00f6zpontban nagyon &hellip; <\/p>\n<p><a href=\"http:\/\/www.x-party.hu\/yk\/diakvallforum\/?p=2601\" class=\"btn btn-readmore\">Read More <span class=\"screen-reader-text\"> &#8222;H\u00edrek, esem\u00e9nyek &#8211; 2021.&#8221;<\/span><\/a><\/p>\n","protected":false},"author":1,"featured_media":2364,"comment_status":"closed","ping_status":"open","sticky":false,"template":"","format":"standard","meta":[],"categories":[1],"tags":[],"_links":{"self":[{"href":"http:\/\/www.x-party.hu\/yk\/diakvallforum\/index.php?rest_route=\/wp\/v2\/posts\/2601"}],"collection":[{"href":"http:\/\/www.x-party.hu\/yk\/diakvallforum\/index.php?rest_route=\/wp\/v2\/posts"}],"about":[{"href":"http:\/\/www.x-party.hu\/yk\/diakvallforum\/index.php?rest_route=\/wp\/v2\/types\/post"}],"author":[{"embeddable":true,"href":"http:\/\/www.x-party.hu\/yk\/diakvallforum\/index.php?rest_route=\/wp\/v2\/users\/1"}],"replies":[{"embeddable":true,"href":"http:\/\/www.x-party.hu\/yk\/diakvallforum\/index.php?rest_route=%2Fwp%2Fv2%2Fcomments&post=2601"}],"version-history":[{"count":51,"href":"http:\/\/www.x-party.hu\/yk\/diakvallforum\/index.php?rest_route=\/wp\/v2\/posts\/2601\/revisions"}],"predecessor-version":[{"id":2801,"href":"http:\/\/www.x-party.hu\/yk\/diakvallforum\/index.php?rest_route=\/wp\/v2\/posts\/2601\/revisions\/2801"}],"wp:featuredmedia":[{"embeddable":true,"href":"http:\/\/www.x-party.hu\/yk\/diakvallforum\/index.php?rest_route=\/wp\/v2\/media\/2364"}],"wp:attachment":[{"href":"http:\/\/www.x-party.hu\/yk\/diakvallforum\/index.php?rest_route=%2Fwp%2Fv2%2Fmedia&parent=2601"}],"wp:term":[{"taxonomy":"category","embeddable":true,"href":"http:\/\/www.x-party.hu\/yk\/diakvallforum\/index.php?rest_route=%2Fwp%2Fv2%2Fcategories&post=2601"},{"taxonomy":"post_tag","embeddable":true,"href":"http:\/\/www.x-party.hu\/yk\/diakvallforum\/index.php?rest_route=%2Fwp%2Fv2%2Ftags&post=2601"}],"curies":[{"name":"wp","href":"https:\/\/api.w.org\/{rel}","templated":true}]}}