{"id":2461,"date":"2020-07-01T07:08:44","date_gmt":"2020-07-01T07:08:44","guid":{"rendered":"http:\/\/www.x-party.hu\/yk\/diakvallforum\/?p=2461"},"modified":"2020-12-29T21:27:11","modified_gmt":"2020-12-29T21:27:11","slug":"hirek-esemenyek-2020-ii-felev","status":"publish","type":"post","link":"http:\/\/www.x-party.hu\/yk\/diakvallforum\/?p=2461","title":{"rendered":"H\u00edrek, esem\u00e9nyek &#8211; 2020 II. f\u00e9l\u00e9v"},"content":{"rendered":"\n<p><strong><span style=\"text-decoration: underline;\">Tov\u00e1bbfejlesztj\u00fck az X-party sziszt\u00e9m\u00e1nkat! &#8211; december 29.<\/span><\/strong><br>A konstrukt\u00edvan egy\u00fcttm\u0171k\u00f6d\u0151, t\u00e9ma-orient\u00e1lt inform\u00e1lis csoportokban nagy szerepe lesz az angyaloknak is! Hogyan, milyen  sze\u00e1nszokkal kombin\u00e1ltan? Ez fontos t\u00e9m\u00e1ja lesz a megbesz\u00e9l\u00e9seinknek. Tov\u00e1bbi r\u00e9szleteket az \u00c9vnyit\u00f3-partinkon tan\u00e1cskozzuk meg, 2021. janu\u00e1r 21-\u00e9n. A l\u00e9nyeg: a term\u00e9szet vil\u00e1ga. A di\u00e1ks\u00e1gnak \u00e9s a v\u00e1llalkoz\u00f3knak \u00f6ssze kell fognia, mert csak egy\u00fctt tudunk eredm\u00e9nyesek lenni!<\/p>\n\n\n\n<p><strong><span style=\"text-decoration: underline;\">A Sz\u00e9ps\u00e9gkir\u00e1lyn\u0151k H\u00e9tv\u00e9g\u00e9je &#8211; december 12-14.<br><\/span><\/strong>A sz\u00e9ps\u00e9gversenyek nagyon megsz\u00ednes\u00edtik, megsz\u00e9p\u00edtik \u00e9let\u00fcnket, v\u00e1llalkoz\u00e1sunkat, m\u0171v\u00e9szet\u00fcnket is. Minden \u00e9vben, december szervezz\u00fck meg a Sz\u00e9ps\u00e9gkir\u00e1lyn\u0151k H\u00e9tv\u00e9g\u00e9j\u00e9t, megv\u00e1lasztjuk az \u00c9v Legjobb Sz\u00e9ps\u00e9gverseny\u00e9t is. Id\u00e9n a Miss Bikini verseny \u00e9rdemelte ki az elismer\u00e9s\u00fcnket. R\u00e9p\u00e1s Lajos, aki a Miss Hungary sz\u00e9ps\u00e9gverseny f\u0151szervez\u0151je nagyon j\u00f3 m\u0171soros, sz\u00ednvonalas sz\u00e9ps\u00e9gversenyt szervezett meg a Balaton egyik csodasz\u00e9p strandj\u00e1n.<br>2021-ben pedig l\u00e9nyegesen meg\u00faj\u00edtjuk a sz\u00e9ps\u00e9gversenyeket, k\u00fcl\u00f6n\u00f6sen a Miss \u00cdrisz v\u00e1laszt\u00e1st. \u00c9vnyit\u00f3-partinkon, janu\u00e1r 21-\u00e9n ezt is megbesz\u00e9lj\u00fck! <\/p>\n\n\n\n<p><strong><span style=\"text-decoration: underline;\">Zene lefest\u00e9se, festm\u00e9ny megzen\u00e9s\u00edt\u00e9se &#8211; november 23.<\/span><\/strong><br>A m\u0171v\u00e9szetek vil\u00e1g\u00e1ban is innovat\u00edvak vagyunk. H\u00e1rom \u00e9ve tal\u00e1ltuk ki, hogy le lehet festeni egy sz\u00e9p zen\u00e9t, meg lehet zen\u00e9s\u00edteni egy sz\u00e9p festm\u00e9nyt. A l\u00e9nyeg: legyen sziszt\u00e9ma, amely az alkot\u00e1s alapja. E k\u00fcl\u00f6nleges t\u00e9m\u00e1nkat 2021-ben m\u00e1r nagyobb k\u00f6rben expon\u00e1ljuk, terjesztj\u00fck. S\u0151t versenyszer\u0171en is megszervezz\u00fck. A r\u00e9szleteket megtan\u00e1cskozzuk az \u00c9vnyit\u00f3-partinkon, 2021. janu\u00e1r 21-\u00e9n. Az Exp\u00f3-st\u00fadi\u00f3nkban bemutatjuk a legjobb alkot\u00e1sokat is. <\/p>\n\n\n\n<p><strong><span style=\"text-decoration: underline;\">Fiatal V\u00e1llalkoz\u00f3k Hete &#8211; november 19-20.<br><\/span><\/strong>Id\u00e9n on-line f\u00f3rumot szervez a Fiatal V\u00e1llalkoz\u00f3k Orsz\u00e1gos Sz\u00f6vets\u00e9ge a klasszikuss\u00e1 v\u00e9l Fiatal V\u00e1llalkoz\u00f3k Het\u00e9n. Szt\u00e1rvend\u00e9g Gerendai K\u00e1roly, a Sziget fesztiv\u00e1l atyja. A konferenci\u00e1ra be lehet jelentkezni a FIVOSZ honlapj\u00e1n is: www.fivosz.hu Nagyon \u00e9rdemes!<\/p>\n\n\n\n<p><strong><span style=\"text-decoration: underline;\">Testkult\u00fara napok szervez\u00e9se &#8211; november 6.<br><\/span><\/strong>Tan\u00e1cskozunk arr\u00f3l, hogy mit tartalmazzanak a testkut\u00fara napok. A sz\u00f3rakoz\u00f3 helyeken, m\u0171vel\u0151d\u00e9si h\u00e1zakban, sportk\u00f6zpontokban fogjuk megszervezni. Lesz \u00e1llapotfelm\u00e9r\u00e9s, tan\u00e1csad\u00e1s, \u00e9lelmiszerek, technikai eszk\u00f6z\u00f6k, sportszerek bemutat\u00e1sa, forgalmaz\u00e1sa. El\u0151ad\u00e1sokat, j\u00f3ga gyakorlatokat, csoportfoglalkoz\u00e1sokat is be\u00e9p\u00edt\u00fcnk a programokba. Este pedig sz\u00f3rakoz\u00e1s, diszk\u00f3. A l\u00e9nyeg: legy\u00fcnk term\u00e9szetesen eg\u00e9szs\u00e9gesek! Az els\u0151 SZB tan\u00e1cskoz\u00e1sunkat november 6-\u00e1n, a Morrison&#8217;s 2-ben tartjuk. Janu\u00e1rban, febru\u00e1rban m\u00e1r startol a komplex rendezv\u00e9ny\u00fcnk.<\/p>\n\n\n\n<p><strong><span style=\"text-decoration: underline;\"><a rel=\"noreferrer noopener\" href=\"http:\/\/euexpo.eu\/?page_id=3482\" target=\"_blank\">Az EU-EXPO t\u00e9mak\u00f6reire k\u00fcl\u00f6n\u00f6sen f\u00f3kusz\u00e1lunk &#8211; okt\u00f3ber 10.<br><\/a><\/span><\/strong>Id\u00e9n kreat\u00edv tan\u00e1cskoz\u00e1sokban besz\u00e9lj\u00fck meg, milyen legyen a 2021-es EU-EXPO. A terveinket letesztelt\u00fck, most a hat\u00e9kony megszervez\u00e9s a feladatunk. A di\u00e1kszervezeteket \u00e9s a v\u00e1llalkoz\u00f3kat mozg\u00f3s\u00edtjuk a sikeres egy\u00fcttm\u0171k\u00f6d\u00e9s jegy\u00e9ben. Az EU-s kapcsolataink fejleszt\u00e9se \u00e9s a k\u00f6z\u00f6ss\u00e9g\u00e9p\u00edt\u00e9s a legfontosabb feladataink k\u00f6z\u00e9 tartoznak. A Megnyit\u00f3n, okt\u00f3ber 12-\u00e9n, err\u0151l k\u00fcl\u00f6n is t\u00e1rgyalunk. A j\u00f3 sz\u00f3rakoz\u00e1s fejleszt\u00e9s\u00e9re is kidolgozunk terveket, pl. a FilmyxIQumot, a Quantum-diszk\u00f3t.<\/p>\n\n\n\n<p><strong><span style=\"text-decoration: underline;\">\u00c9lm\u00e9nyszint\u0171 oktat\u00e1s fontoss\u00e1ga &#8211; szeptember 26.<br><\/span><\/strong>A kellemes, j\u00f3 \u00e9lm\u00e9nyek jobban megmaradnak az eml\u00e9kezet\u00fcnkben. Ha valami hasznos inform\u00e1ci\u00f3ra, tud\u00e1s alkalmaz\u00e1s\u00e1ra van sz\u00fcks\u00e9g\u00fcnk, akkor az ismeretek felid\u00e9z\u00e9se is j\u00f3 hat\u00e1ssal vannak \u00e9rzelm\u00fcnkre, hangulatunkra. Ez\u00e9rt kezdem\u00e9nyezz\u00fck, hogy a Szenitorskol\u00e1kban \u00e9lm\u00e9nyszer\u0171 legyen zs oktat\u00e1s. Megbesz\u00e9lj\u00fck a r\u00e9szleteket a tan\u00e1cskoz\u00e1sainkon. Az EU-EXPO Innov\u00e1ci\u00f3 t\u00e9mak\u00f6r\u00e9nek is t\u00e9m\u00e1ja ez a kezdem\u00e9nyez\u00e9s\u00fcnk.<\/p>\n\n\n\n<p><strong><span style=\"text-decoration: underline;\">Eur\u00f3pai Di\u00e1ksport Napja &#8211; szeptember 25.<\/span><\/strong><br>A sportol\u00e1s, a testedz\u00e9s az immunrendszer\u00fcnket nagyon fejleszti, er\u0151s\u00edti.<\/p>\n\n\n\n<p><strong><span style=\"text-decoration: underline;\">Letesztelt\u00fck a Szeniorskola \u00f6tlet\u00e9t. &#8211; szeptember 15.<br><\/span><\/strong>A megk\u00e9rdezett kb. 50 f\u0151 egy\u00e9rtelm\u0171en pozit\u00edvan reag\u00e1lt arra, hogy vezess\u00fck be a tanul\u00e1st 70 \u00e9v felett is. A Szeniroskola nagyon komplex rendszer lesz, alaposan kell megtervezni \u00e9s megszervezni. nagy val\u00f3sz\u00edn\u0171s\u00e9ggel 2021 szeptember\u00e9ben indulhat \u00fatj\u00e1ra a pr\u00f3ba-iskola, \u00e9s 022-ben m\u00e1r nagyobb k\u00f6z\u00f6ss\u00e9get \u00e9rint, foglalkoztat. A l\u00e9nyeg: a hetven \u00e9ven fel\u00fcliek l\u00e1ssanak valami j\u00f3, pozit\u00edv j\u00f6v\u0151k\u00e9pet, tudjanak alkotni, fejl\u0151dni, legyen \u00e9rdekes, hasznos \u00e9let\u00fck \u00e9s k\u00f6z\u00f6ss\u00e9g\u00fck. H\u00e1rom gener\u00e1ci\u00f3t mozgat meg ez a projekt\u00fcnk. Mindenki j\u00f3l j\u00e1r benne!<\/p>\n\n\n\n<p><strong><span style=\"text-decoration: underline;\">A di\u00e1koknak (is) egy norm\u00e1lis, XXI. sz\u00e1zadban aktu\u00e1lis vil\u00e1gn\u00e9zetre, vall\u00e1sra, ideol\u00f3gi\u00e1ja van sz\u00fcks\u00e9ge &#8211; szeptember 7<\/span><\/strong>. Ennek \u00e9rdek\u00e9ben is kifejlesztett\u00fck \u00e9s mostant\u00f3l propag\u00e1ljuk a Dialektikus idealizmust.<br><\/p>\n\n\n\n<p><span style=\"text-decoration: underline;\"><strong>\u00daj tan\u00e9v kezdete \u2013 szeptember 1.<\/strong><br><\/span>Sok iskol\u00e1ba reggel m\u00e1r becs\u00f6ngetnek. Kezd\u0151dhet a tanul\u00e1s \u0151szi&nbsp; id\u0151szaka. \u00c9s igaz a nagy tan\u00edt\u00f3, Lenin ir\u00e1nymutat\u00e1sa: \u201cAz ifj\u00fas\u00e1g legfontosabb feladata: tanulni, tanulni, tanulni!\u201d Ezt ki fogjuk terjeszteni a feln\u0151tt korra is, s\u0151t a Szeniorskol\u00e1ban a 70 \u00e9ven fel\u00fcliekre is. Mindenki j\u00f3l j\u00e1r, ha fejl\u0151dik a tudata, a szellemvil\u00e1ga, az ismeretrendszere, a gyakorlata is.<\/p>\n\n\n\n<p><strong><span style=\"text-decoration: underline;\">Funkcion\u00e1lis f\u00f3rumokat szervez\u00fcnk, start &#8211; augusztus 25.<br><\/span><\/strong>Bizonyos ter\u00fcletekre k\u00fcl\u00f6n-k\u00fcl\u00f6n f\u00f3kusz\u00e1lva szervezz\u00fck meg a f\u00f3rumainkat. Ezzel a hat\u00e9konys\u00e1got is tudjuk n\u00f6velni, na meg a kapcsolatrendszer\u00fcnket is. Augusztus 25-\u00e9n f\u0151 t\u00e9m\u00e1n a sz\u00f3rakoz\u00e1s, a sz\u00e9ps\u00e9gversenyek, az EU-EXPO \u00e9s az EU-s kapcsolataink fejleszt\u00e9se lesz. B\u00e1zishely\u00fcnk a Morrison&#8217;2 (BP. Szt. Istv\u00e1n krt. 11.) Kisebb tn\u00e1cskoz\u00e1sokra \u00e9s nagy rendezv\u00e9nyekre is megfelel\u0151 helysz\u00edn. Az Exp\u00f3-st\u00fadi\u00f3nkat is itt val\u00f3s\u00edtjuk meg. <\/p>\n\n\n\n<p><span style=\"text-decoration: underline;\"><strong>Kreat\u00edv, k\u00f6z\u00f6ss\u00e9g\u00e9p\u00edt\u0151 b\u00e1zisunk az Exp\u00f3-st\u00fadi\u00f3 &#8211; augusztus 14.<br><\/strong><\/span>Nagyon sok j\u00f3 program el\u0151k\u00e9sz\u00edt\u00e9s\u00e9ben, szervez\u00e9s\u00e9ben tud fontos helyet biztos\u00edtani az Exp\u00f3-st\u00fadi\u00f3nk. F\u00f3rumokat, partner \u00e9s m\u00e9dia-partikat, klub d\u00e9lut\u00e1nokat, sz\u00e9ps\u00e9gverseny kasztingokat, m\u0171v\u00e9szi alkot\u00e1sokat is meg tudunk szervezni. A helysz\u00edn a Morrison&#8217;s 2-ben, a f\u0151v\u00e1ros egyik legjobb sz\u00f3rakoz\u00f3hely\u00e9ben alakul ki. <\/p>\n\n\n\n<p><span style=\"text-decoration: underline;\"><strong>T\u00e9rj\u00fcnk vissza a szocializmushoz! \u2013 augusztus 4.<\/strong><br><\/span>A mostanin\u00e1l sz\u00e1zszor jobb \u00e9let volt a dics\u0151s\u00e9ges szocializmusban, a hetvenes-nyolcvanas \u00e9vekben! A k\u00f6z\u00f6ss\u00e9g, a romantika, az \u00f6sszefog\u00e1s, az innov\u00e1ci\u00f3, az eg\u00e9szs\u00e9g vil\u00e1g\u00e1ban. Mostant\u00f3l az a feladatunk, hogyan tudjuk reakt\u00edv\u00e1lni a Magyar N\u00e9pk\u00f6zt\u00e1rsas\u00e1got, amiben benne van a magyar, a n\u00e9p, a k\u00f6z \u00e9s a t\u00e1rsas\u00e1g. Az EFISZ Aktivista klubjainkon, a F\u00f3rumainkon, a J\u00f3sdakonferenci\u00e1nkon egyik legfontosabb t\u00e9m\u00e1nk ez lesz 2020-2021-ben. <br>A v\u00e1llalkoz\u00f3i szf\u00e9ra \u00faj dimenzi\u00f3j\u00e1t, az X-party sziszt\u00e9m\u00e1t is alkalmazzuk. <br>Az Eur\u00f3pai Uni\u00f3 sokmindenben ink\u00e1bb hasonl\u00edt a szocializmushoz, ezt nek\u00fcnk er\u0151s\u00edteni, fejleszteni erk\u00f6lcsi k\u00f6teless\u00e9g\u00fcnk is. <br>Ideol\u00f3gi\u00e1nk, vil\u00e1gn\u00e9zet\u00fcnk, a Dialektikus idealizmus is alapul szolg\u00e1l a fejleszt\u00e9sben.<\/p>\n\n\n\n<p><strong><span style=\"text-decoration: underline;\">30 \u00e9ves jubileumunk &#8211; j\u00falius 24.<br><\/span><\/strong>A V\u00e1llalkoz\u00f3k Klubja \u00e9gisz\u00e9ben 1990 j\u00falius k\u00f6zep\u00e9n vett\u00fck fel a kapcsolatot a budapesti Szovjet Kult\u00fara \u00e9s Tudom\u00e1ny H\u00e1za vezet\u0151s\u00e9g\u00e9vel. Fantasztikusan j\u00f3 \u00e9s hasznos lett ez az egy\u00fcttm\u0171k\u00f6d\u00e9s, hiszen ekkor startolt haz\u00e1nkban az ezot\u00e9ria, a term\u00e9szetgy\u00f3gy\u00e1szat, a parapszichol\u00f3gia tudom\u00e1nya is. Kotlarszkij professzor az \u00edriszdiagnosztik\u00e1t honos\u00edtottuk \u00fajra magyarorsz\u00e1gon, hiszen azt a tudom\u00e1nyt m\u00e9g az 1980-as \u00e9vekben P\u00e9czely Ign\u00e1c fedezte fel \u00e9s dolgozta ki. L\u00e9tre is hoztuk a P\u00e9czely Ign\u00e1c \u00cdriszk\u00f6zpontot, amelyet a Szovjet Kult\u00fara \u00e9s Tudom\u00e1ny H\u00e1z\u00e1ban m\u0171k\u00f6dtett\u00fcnk \u00e9veken \u00e1t. Grafol\u00f3gia, \u00edriszdiagnosztika, m\u0171t\u00e9t n\u00e9lk\u00fcli sz\u00fcrke-h\u00e1lyog-gy\u00f3gy\u00edt\u00e1s \u00e9s  r\u00f6vid\/t\u00e1voll\u00e1t\u00e1s gy\u00f3gy\u00edt\u00e1s &#8211; nagyon sikeres volt. A V\u00e1llalkoz\u00f3k Klubja felfejl\u0151d\u00f6tt nagy, nemzetk\u00f6zi konferenci\u00e1k szervez\u00e9s\u00e9vel, \u00e9s egyes\u00fclett\u00e9 is alakult. A Di\u00e1kok \u00e9s V\u00e1llalkoz\u00f3k F\u00f3rum\u00e1nak gy\u00f6kerei ide vezetnek! A tov\u00e1bbiakban folytatjuk a hagyom\u00e1nyokat \u00e9s \u00faj, hasznos kreat\u00edv t\u00e9m\u00e1kat is megval\u00f3s\u00edtunk. F\u00f3rumainknak sok j\u00f3 t\u00e9m\u00e1i vannak.<\/p>\n\n\n\n<p><strong><span style=\"text-decoration: underline;\">Tov\u00e1bbfejlesztj\u00fck az Olimpia Sz\u00e9pe v\u00e1laszt\u00e1st<\/span><\/strong><br>Az els\u0151 versenyt 2008-ban a BM si\u00f3foki Aranypart Hotelben szervezt\u00fck meg, nagy sikerrel. Azut\u00e1n 2012-ben a Bazaar Clubban, majd 2016-ban a Th\u00f6k\u00f6ly \u00c9tteremben. Mostanra meg\u00e9rett a helyzet arra, hogy kidolgozzunk egy r\u00e9szletes terv\u00fcnket, melyet a Nemzetk\u00f6zi Olimpiai Bizotts\u00e1gnak beny\u00fajtunk, annak \u00e9rdek\u00e9ben, hogy legyen sz\u00e9ps\u00e9gverseny az Olimpi\u00e1kon. A kreat\u00edv tan\u00e1cskoz\u00e1sainkat j\u00falius 24-\u00e9n \u00e9s augusztus 8-\u00e1n tartjuk &#8211; ekkor megv\u00e1lasztjuk az idei Olimpia Sz\u00e9p\u00e9t is.<\/p>\n\n\n\n<p><strong><span style=\"text-decoration: underline;\">A Sz\u00e9p Dal Ma&#8230; &#8211; vers\u00edr\u00f3verseny zen\u00e9re \u00fajra indul! &#8211; j\u00falius 12.<\/span><\/strong><br>\u00daj\u00edtsuk meg a sz\u00f3rakoz\u00e1skult\u00far\u00e1nkat &#8211; mozgalmunkban most olyan klasszikus zen\u00e9ket kell verset \u00edrni, melyek ismertek \u00e9s kedveltek. A dalokat el tudjuk \u00e9nekelni, s\u0151t m\u00e9g t\u00e1nckoreogr\u00e1fi\u00e1t is lehet alkotni. Az idei koncepci\u00f3nkat megbesz\u00e9lj\u00fck az augusztus 4-i F\u00f3rumunkon is, \u00e9s az Olimpia Sz\u00e9pe v\u00e1laszt\u00e1son, augusztus 8-\u00e1n.<\/p>\n\n\n\n<p><span style=\"text-decoration: underline;\"><strong>A Magyar Tudom\u00e1nyos Akad\u00e9mia \u00faj eln\u00f6k\u00f6t v\u00e1laszt \u2013 j\u00falius 7.<\/strong><br><\/span>Fontos feladatok el\u0151tt \u00e1ll a tudom\u00e1nyos vil\u00e1g: vagy meg\u00fajulva tov\u00e1bbfejl\u0151dik, vagy a dogmatikus vil\u00e1gk\u00e9pekre korl\u00e1toz\u00f3dik. Hassunk a halad\u00e1s, a fejl\u0151d\u00e9s ir\u00e1ny\u00e1ba, \u00e9s legyen j\u00f3 a tudom\u00e1ny vil\u00e1ga haz\u00e1nkban! Az \u00faj eln\u00f6k: Freund Tam\u00e1s. <\/p>\n\n\n\n<p><strong><span style=\"text-decoration: underline;\">Meg\u00fajulva tov\u00e1bbfejl\u0151d\u00fcnk &#8211; j\u00falius 3.<br><\/span><\/strong>Nagy sikerrel, pont kilenc \u00e9vvel ezel\u0151tt, 2011. j\u00falius 3-\u00e1n tartottuk meg az els\u0151 Di\u00e1kok \u00e9s V\u00e1llalkoz\u00f3k F\u00f3rum\u00e1t az els\u0151 Magyar Vil\u00e1gtal\u00e1lkoz\u00f3n, Balatonlell\u00e9n. Sokminden megv\u00e1ltozott az\u00f3ta. <br>A k\u00f6z\u00f6ss\u00e9g\u00e9p\u00edt\u00e9sre kiemelten fontos figyeln\u00fcnk, meg a sz\u00f3rakoz\u00e1skult\u00far\u00e1nk meg\u00faj\u00edt\u00e1s\u00e1ra is. Nagy tan\u00e1cskoz\u00e1st tartunk j\u00faliusban arr\u00f3l, hova, hogyan tov\u00e1bb.<br>F\u00f3kuszban tov\u00e1bbra is az EU-EXPO, a Sz\u00e9ps\u00e9g Vil\u00e1gnapja, az Eur\u00f3pai Rekre\u00e1ci\u00f3s T\u00e1borok szervez\u00e9se lesz. Az \u00e9rt\u00e9kes\u00edt\u00e9st a m\u00e1r kifejlesztett DNS-marketinggel val\u00f3s\u00edtjuk meg.<br>Havonta 1-2 f\u00f3rumot mindenk\u00e9ppen megszervez\u00fcnk. A di\u00e1ks\u00e1g \u00e9s a v\u00e1llalkoz\u00f3k \u00e9letkedv\u00e9t is jav\u00edtjuk ez\u00e1ltal.<\/p>\n","protected":false},"excerpt":{"rendered":"<p>Tov\u00e1bbfejlesztj\u00fck az X-party sziszt\u00e9m\u00e1nkat! &#8211; december 29.A konstrukt\u00edvan egy\u00fcttm\u0171k\u00f6d\u0151, t\u00e9ma-orient\u00e1lt inform\u00e1lis csoportokban nagy szerepe lesz az angyaloknak is! Hogyan, milyen sze\u00e1nszokkal kombin\u00e1ltan? Ez fontos t\u00e9m\u00e1ja lesz a megbesz\u00e9l\u00e9seinknek. Tov\u00e1bbi r\u00e9szleteket &hellip; <\/p>\n<p><a href=\"http:\/\/www.x-party.hu\/yk\/diakvallforum\/?p=2461\" class=\"btn btn-readmore\">Read More <span class=\"screen-reader-text\"> &#8222;H\u00edrek, esem\u00e9nyek &#8211; 2020 II. f\u00e9l\u00e9v&#8221;<\/span><\/a><\/p>\n","protected":false},"author":1,"featured_media":464,"comment_status":"closed","ping_status":"open","sticky":false,"template":"","format":"standard","meta":[],"categories":[1],"tags":[],"_links":{"self":[{"href":"http:\/\/www.x-party.hu\/yk\/diakvallforum\/index.php?rest_route=\/wp\/v2\/posts\/2461"}],"collection":[{"href":"http:\/\/www.x-party.hu\/yk\/diakvallforum\/index.php?rest_route=\/wp\/v2\/posts"}],"about":[{"href":"http:\/\/www.x-party.hu\/yk\/diakvallforum\/index.php?rest_route=\/wp\/v2\/types\/post"}],"author":[{"embeddable":true,"href":"http:\/\/www.x-party.hu\/yk\/diakvallforum\/index.php?rest_route=\/wp\/v2\/users\/1"}],"replies":[{"embeddable":true,"href":"http:\/\/www.x-party.hu\/yk\/diakvallforum\/index.php?rest_route=%2Fwp%2Fv2%2Fcomments&post=2461"}],"version-history":[{"count":32,"href":"http:\/\/www.x-party.hu\/yk\/diakvallforum\/index.php?rest_route=\/wp\/v2\/posts\/2461\/revisions"}],"predecessor-version":[{"id":2592,"href":"http:\/\/www.x-party.hu\/yk\/diakvallforum\/index.php?rest_route=\/wp\/v2\/posts\/2461\/revisions\/2592"}],"wp:featuredmedia":[{"embeddable":true,"href":"http:\/\/www.x-party.hu\/yk\/diakvallforum\/index.php?rest_route=\/wp\/v2\/media\/464"}],"wp:attachment":[{"href":"http:\/\/www.x-party.hu\/yk\/diakvallforum\/index.php?rest_route=%2Fwp%2Fv2%2Fmedia&parent=2461"}],"wp:term":[{"taxonomy":"category","embeddable":true,"href":"http:\/\/www.x-party.hu\/yk\/diakvallforum\/index.php?rest_route=%2Fwp%2Fv2%2Fcategories&post=2461"},{"taxonomy":"post_tag","embeddable":true,"href":"http:\/\/www.x-party.hu\/yk\/diakvallforum\/index.php?rest_route=%2Fwp%2Fv2%2Ftags&post=2461"}],"curies":[{"name":"wp","href":"https:\/\/api.w.org\/{rel}","templated":true}]}}