{"id":2357,"date":"2020-01-01T08:46:13","date_gmt":"2020-01-01T08:46:13","guid":{"rendered":"http:\/\/www.x-party.hu\/yk\/diakvallforum\/?p=2357"},"modified":"2020-06-28T08:35:10","modified_gmt":"2020-06-28T08:35:10","slug":"hirek-esemenyek-2020-i-felev","status":"publish","type":"post","link":"http:\/\/www.x-party.hu\/yk\/diakvallforum\/?p=2357","title":{"rendered":"H\u00edrek, esem\u00e9nyek &#8211; 2020. I. f\u00e9l\u00e9v"},"content":{"rendered":"<p><span style=\"text-decoration: underline;\"><strong>A kreat\u00edv tan\u00e1cskoz\u00e1sunk f\u0151 t\u00e9m\u00e1i &#8211; j\u00fanius 29.<\/strong><\/span><br \/>\nHogyan szolg\u00e1lja a digitaliz\u00e1ci\u00f3 a szocializ\u00e1ci\u00f3t? Hogyan \u00faj\u00edtsuk meg a sz\u00f3rakoz\u00e1skult\u00far\u00e1nkat? Hogyan fejlessz\u00fck a szellemi k\u00e9pess\u00e9geinket? Ezekr\u0151l is t\u00e1rgyalunk a f\u00f3rumainkon. A r\u00e9szleteket a jubileumi \u00f6sszej\u00f6vetel\u00fcnk\u00f6n, j\u00falius 3-\u00e1n besz\u00e9lj\u00fck meg.<\/p>\n<p><span style=\"text-decoration: underline;\"><strong><u>Pedag\u00f3gusnap \u2013 j\u00fanius 7.<br \/>\n<\/u><\/strong><\/span>\u00c9let\u00fcnk fejleszt\u00e9s\u00e9ben f\u0151szerepet is j\u00e1tsz\u00f3 pedag\u00f3gusok \u00fcnnepl\u00e9se mindenk\u00e9ppen jogos, s\u0151t k\u00f6telez\u0151 is egy norm\u00e1lis k\u00f6z\u00f6ss\u00e9gben, t\u00e1rsadalomban. Sok boldogs\u00e1got, j\u00f3 eg\u00e9szs\u00e9get, meg\u00e9rdemelt sikereket k\u00edv\u00e1nunk a pedag\u00f3gusoknak!<\/p>\n<p><span style=\"text-decoration: underline;\"><strong>Gyermeknap \u2013 m\u00e1jus 31.<\/strong><\/span><br \/>\nA gyermekek\u00e9 a nagyon j\u00f3 j\u00f6v\u0151, de csak akkor, ha norm\u00e1lisan, pozit\u00edvan, j\u00f3 vil\u00e1gn\u00e9zettel nevelj\u00fck \u0151ket. \u00c9ljenek vid\u00e1man, eg\u00e9szs\u00e9gesen a gyerekek!\u00a0A gyermeknap a vil\u00e1g sok orsz\u00e1g\u00e1ban \u00fcnnepnap. A nemzetk\u00f6zi gyermeknap meg\u00fcnnepl\u00e9se T\u00f6r\u00f6korsz\u00e1gb\u00f3l ered \u00e9s ezen a napon k\u00fcl\u00f6n\u00f6sen a volt kommunista orsz\u00e1gokban v\u00e1lt n\u00e9pszer\u0171v\u00e9. Ehhez hasonl\u00f3 az ENSZ \u00e1ltal l\u00e9tes\u00edtett egyetemes gyermeknap int\u00e9zm\u00e9nye.<\/p>\n<p><span style=\"text-decoration: underline;\"><strong>Az Internet Vil\u00e1gnapja &#8211; m\u00e1jus 18.<br \/>\n<\/strong><\/span>Az emberis\u00e9g \u00f6t legintelligensebb tal\u00e1lm\u00e1nyainak egyike az internet. M\u00e1ra m\u00e1r k\u00f6zismert. Nagy m\u00e9rt\u00e9kben seg\u00edti a t\u00e1rsas\u00e1gi \u00e9s a mag\u00e1n\u00e9letet, a t\u00e1j\u00e9koz\u00f3d\u00e1sunkat, a szervez\u00e9seket is. A fejleszt\u00e9si lehet\u0151s\u00e9gek hatalmasak!<\/p>\n<p><span style=\"text-decoration: underline;\"><strong>K\u00fcl\u00f6nleges kombin\u00e1ci\u00f3s f\u00f3rumokat szervez\u00fcnk &#8211; m\u00e1jus 14.<\/strong><\/span><br \/>\n<a href=\"http:\/\/www.x-party.hu\/yk\/diakvallforum\/wp-content\/uploads\/2020\/01\/angyaliak-3.jpg\"><img decoding=\"async\" loading=\"lazy\" class=\"alignleft size-thumbnail wp-image-2434\" src=\"http:\/\/www.x-party.hu\/yk\/diakvallforum\/wp-content\/uploads\/2020\/01\/angyaliak-3-150x150.jpg\" alt=\"\" width=\"150\" height=\"150\" \/><\/a>H\u00e1rom nagyon elt\u00e9r\u0151 szf\u00e9r\u00e1t integr\u00e1lunk a k\u00f6vetkez\u0151 nagy Di\u00e1kok \u00e9s V\u00e1llalkoz\u00f3k F\u00f3rum\u00e1n, j\u00fanius 9-\u00e9n. A cirkuszi artist\u00e1kat, a gy\u00fcm\u00f6lcstermeszt\u0151ket \u00e9s a spiritualizmussal foglalkoz\u00f3 v\u00e1llalkoz\u00f3kat, di\u00e1kokat h\u00edvunk meg (persze m\u00e1sok is j\u00f6hetnek), kreat\u00edv tan\u00e1cskoz\u00e1sra. A tov\u00e1bbfejl\u0151d\u00e9s\u00fcnk \u00e9s \u00faj, j\u00f3 c\u00e9lok kit\u0171z\u00e9se, m\u00f3dszerek, k\u00f6z\u00f6ss\u00e9g\u00e9p\u00edt\u00e9s a f\u00f3kuszban. Az el\u0151k\u00e9sz\u00edt\u00e9s sor\u00e1n Delphi m\u00f3dszert is alkalmazunk, hogy felm\u00e9rj\u00fck a partnereink, az \u00e9rintettek, a megh\u00edvottak v\u00e9lem\u00e9ny\u00e9t, javaslatait. Megbesz\u00e9l\u00e9seink: m\u00e1jus 20-\u00e1n, 29-\u00e9n, j\u00fanius 3-\u00e1n.<\/p>\n<p><span style=\"text-decoration: underline;\"><strong>Elkezd\u0151d\u00f6tt az \u00e9retts\u00e9gi &#8211; m\u00e1jus 4.<\/strong><\/span><br \/>\nK\u00fcl\u00f6n\u00f6sen izgalmas k\u00f6r\u00fclm\u00e9nyek k\u00f6z\u00f6tt, a koronav\u00edrus-j\u00e1rv\u00e1ny-miz\u00e9ri\u00e1ban kell \u00e9retts\u00e9gizni\u00fck a v\u00e9gzett k\u00f6z\u00e9piskol\u00e1soknak. Ennek kapcs\u00e1n k\u00fcl\u00f6n is f\u00f3kusz\u00e1lunk majd arra, hogy a di\u00e1kvil\u00e1got hogyan tudjuk meg\u00faj\u00edtani. A v\u00e1llalkoz\u00f3i szf\u00e9r\u00e1nak ebben nagy szerepe lesz. Megtan\u00e1cskozzuk a f\u00f3rumainkon, m\u00e1jus 9-\u00e9n az Eur\u00f3pa \u00fcnnep\u00e9n is.<\/p>\n<p><span style=\"text-decoration: underline;\"><strong>\u00c9ljen M\u00e1jus Elseje!<\/strong><\/span><br \/>\nA munka, a munk\u00e1smozgalom nagy \u00fcnnepe, \u00e9s Magyarorsz\u00e1gnak az EU-hoz val\u00f3 csatlakoz\u00e1s\u00e1nak \u00fcnnepe. A munka c\u00e9lja &#8211; a szocializmus szerint &#8211; a termel\u0151 er\u0151k, a k\u00f6z\u00f6ss\u00e9gek, az ember b\u0151v\u00edtett \u00fajrateremt\u00e9se, c\u00e9ltudatos tev\u00e9kenys\u00e9g. Teh\u00e1t <strong>kellenek j\u00f3 c\u00e9lok,<\/strong> amelyeket \u00e9rdemes el\u00e9rn\u00fcnk. A megval\u00f3s\u00edt\u00e1s sor\u00e1n nagyon fontos szerepe lehet a di\u00e1ks\u00e1gnak is, a v\u00e1llalkoz\u00f3i szf\u00e9r\u00e1nak is. A j\u00f3 c\u00e9lok kit\u0171z\u00e9s\u00e9ben is.<br \/>\nAz Eur\u00f3pai Uni\u00f3 a nemzetk\u00f6zi \u00f6sszefog\u00e1s, egy\u00fcttm\u0171k\u00f6d\u00e9s kiemelten j\u00f3, fontos platformja. <strong>Az EU-EXPO komplexum\u00e1val az EU fejleszt\u00e9se a c\u00e9lunk.\u00a0<\/strong><\/p>\n<p><span style=\"text-decoration: underline;\"><strong>A meg\u00fajul\u00e1s el\u0151csarnok\u00e1ban vagyunk!<\/strong><\/span><br \/>\nA koronav\u00edrus-j\u00e1rv\u00e1ny miz\u00e9ria nagy m\u00e9rt\u00e9kben m\u00f3dos\u00edtja a gazdas\u00e1gi \u00e9letet. Ez\u00e9rt egy k\u00fcl\u00f6nleges Di\u00e1kok \u00e9s V\u00e1llalkoz\u00f3k F\u00f3rum\u00e1t szervez\u00fcnk m\u00e1jus 9-re. Kidolgozunk egy tanulm\u00e1nyt, k\u00e9rd\u00e9sekkel, melyben egy \u00faj \u00e9s jobb kor szak alkot\u00e1s\u00e1ra f\u00f3kusz\u00e1lunk. Az el\u0151k\u00e9sz\u00edt\u0151 \u00f6sszej\u00f6veteleinken megtan\u00e1cskozzuk a r\u00e9szleteket. A projekt startja: m\u00e1jus 9. &#8211; Eur\u00f3pa \u00fcnnepe a Szabads\u00e1g t\u00e9ren.<\/p>\n<p><a href=\"http:\/\/www.x-party.hu\/yk\/diakvallforum\/wp-content\/uploads\/2020\/01\/lenin-150.jpg\"><img decoding=\"async\" loading=\"lazy\" class=\"aligncenter size-full wp-image-2407\" src=\"http:\/\/www.x-party.hu\/yk\/diakvallforum\/wp-content\/uploads\/2020\/01\/lenin-150.jpg\" alt=\"\" width=\"945\" height=\"189\" srcset=\"http:\/\/www.x-party.hu\/yk\/diakvallforum\/wp-content\/uploads\/2020\/01\/lenin-150.jpg 945w, http:\/\/www.x-party.hu\/yk\/diakvallforum\/wp-content\/uploads\/2020\/01\/lenin-150-300x60.jpg 300w, http:\/\/www.x-party.hu\/yk\/diakvallforum\/wp-content\/uploads\/2020\/01\/lenin-150-768x154.jpg 768w\" sizes=\"(max-width: 945px) 100vw, 945px\" \/><\/a><\/p>\n<p><a href=\"http:\/\/www.x-party.hu\/yk\/diakvallforum\/wp-content\/uploads\/2020\/01\/foldnapja.jpg\"><img decoding=\"async\" loading=\"lazy\" class=\"aligncenter size-full wp-image-2406\" src=\"http:\/\/www.x-party.hu\/yk\/diakvallforum\/wp-content\/uploads\/2020\/01\/foldnapja.jpg\" alt=\"\" width=\"945\" height=\"189\" srcset=\"http:\/\/www.x-party.hu\/yk\/diakvallforum\/wp-content\/uploads\/2020\/01\/foldnapja.jpg 945w, http:\/\/www.x-party.hu\/yk\/diakvallforum\/wp-content\/uploads\/2020\/01\/foldnapja-300x60.jpg 300w, http:\/\/www.x-party.hu\/yk\/diakvallforum\/wp-content\/uploads\/2020\/01\/foldnapja-768x154.jpg 768w\" sizes=\"(max-width: 945px) 100vw, 945px\" \/><\/a><\/p>\n<p><span style=\"text-decoration: underline;\"><strong>Kellemes H\u00fasv\u00e9ti \u00fcnnepeket k\u00edv\u00e1nunk! &#8211; \u00e1prilis 10-13.<\/strong><\/span><br \/>\nMindenki sz\u00e1m\u00e1ra \u00e9rdekes, kellemes, k\u00f6z\u00f6ss\u00e9gi rendezv\u00e9nysorozat a h\u00fasv\u00e9ti \u00fcnnepek. A sz\u00f3rakoz\u00e1s \u00e9s az udvarl\u00e1s is l\u00e9nyeges.<\/p>\n<p><span style=\"text-decoration: underline;\"><strong>Most nagyon \u00e9rdemes az ismeretekre, az alkot\u00e1sokra, a meg\u00fajul\u00e1sra f\u00f3kusz\u00e1lnunk! &#8211; \u00e1prilis 4.<br \/>\n<\/strong><\/span>Haz\u00e1nk felszabadul\u00e1s\u00e1nak \u00fcnnep\u00e9n, \u00c1prilis 4-\u00e9n egyben a t\u00e1rsadalmi meg\u00fajul\u00e1sra,<br \/>\n<a href=\"http:\/\/www.x-party.hu\/yk\/diakvallforum\/wp-content\/uploads\/2020\/01\/eljenaprilis4.jpg\"><img decoding=\"async\" loading=\"lazy\" class=\"alignleft size-medium wp-image-2401\" src=\"http:\/\/www.x-party.hu\/yk\/diakvallforum\/wp-content\/uploads\/2020\/01\/eljenaprilis4-300x60.jpg\" alt=\"\" width=\"300\" height=\"60\" srcset=\"http:\/\/www.x-party.hu\/yk\/diakvallforum\/wp-content\/uploads\/2020\/01\/eljenaprilis4-300x60.jpg 300w, http:\/\/www.x-party.hu\/yk\/diakvallforum\/wp-content\/uploads\/2020\/01\/eljenaprilis4-768x154.jpg 768w, http:\/\/www.x-party.hu\/yk\/diakvallforum\/wp-content\/uploads\/2020\/01\/eljenaprilis4.jpg 945w\" sizes=\"(max-width: 300px) 100vw, 300px\" \/><\/a>tov\u00e1bbfejl\u0151d\u00e9sre is figyelhet\u00fcnk, akt\u00edvan tehet\u00fcnk is \u00e9rte. A dics\u0151s\u00e9ges szocializmusban, a nyolcvanas \u00e9vekben, m\u00e9g nagyon j\u00f3 volt a t\u00e1rsadalmunkban az egy\u00fcttm\u0171k\u00f6d\u00e9si k\u00e9szs\u00e9g, hajlam, affinit\u00e1s, az \u00faj, jobb, fejlettebb dolgok, technik\u00e1k, kezdem\u00e9nyez\u00e9sek \u00e9rdek\u00e9ben.\u00a0 A k\u00f6z\u00f6ss\u00e9gi \u00e9let is nagyon j\u00f3 volt &#8211; az \u00datt\u00f6r\u0151 Sz\u00f6vets\u00e9gben, a KISZ-ben, az MSZMP-ben, a szakszervezetekben. Most az a feladatunk, hogy mindezeket \u00fajra fel\u00e9lessz\u00fck, tov\u00e1bbfejlessz\u00fck!A Di\u00e1kok \u00e9s V\u00e1llalkoz\u00f3k F\u00f3rum\u00e1t meg\u00faj\u00edtjuk, \u00e9s a h\u00fasv\u00e9ti \u00fcnnepek ut\u00e1n intenz\u00edvebb f\u00e1zisba l\u00e9p\u00fcnk. A r\u00e9szleteket megbesz\u00e9lj\u00fck a tan\u00e1cskoz\u00e1sainkon.<\/p>\n<p><span style=\"text-decoration: underline;\"><a href=\"http:\/\/www.x-party.hu\/testudat\/tttk-2018\/testudatkonf-2018.html\" target=\"_blank\" rel=\"noopener noreferrer\"><strong>XV. TesTudaT Konferencia \u2013 m\u00e1rcius 25.<br \/>\n<\/strong><\/a><\/span><a href=\"http:\/\/euexpo.eu\/wp-content\/uploads\/2019\/12\/logo4.jpg\"><img decoding=\"async\" loading=\"lazy\" class=\"alignleft wp-image-3652\" src=\"http:\/\/euexpo.eu\/wp-content\/uploads\/2019\/12\/logo4-300x234.jpg\" sizes=\"(max-width: 200px) 100vw, 200px\" srcset=\"http:\/\/euexpo.eu\/wp-content\/uploads\/2019\/12\/logo4-300x234.jpg 300w, http:\/\/euexpo.eu\/wp-content\/uploads\/2019\/12\/logo4.jpg 763w\" alt=\"\" width=\"200\" height=\"156\" \/><\/a>A t\u00e9mak\u00f6reink mindegyike \u00e9rdekelt ebben a k\u00fcl\u00f6nleges, kreat\u00edv konferenci\u00e1n. A testkult\u00fara \u00e9s az innov\u00e1ci\u00f3 \u00e9gisz\u00e9ben megalkotjuk a XXI. sz\u00e1zad ideol\u00f3gi\u00e1j\u00e1t, a Dialektikus idealizmust. Az EFISZ Rekre\u00e1ci\u00f3s K\u00f6zpontok \u00e9s T\u00e1borok ugyancsak nagyon fontosak lesznek, id\u00e9n minim\u00e1l-verzi\u00f3ban val\u00f3s\u00edtjuk meg. A t\u00e1rgyal\u00e1sunk kiemelt t\u00e9m\u00e1ja, hogy id\u00e9n val\u00f3ban vil\u00e1gnapp\u00e1 szervezz\u00fck A Sz\u00e9ps\u00e9g Vil\u00e1gnapj\u00e1t \u2013 X. 14-\u00e9n. A sz\u00f3rakoz\u00e1skult\u00far\u00e1nk fejleszt\u00e9s\u00e9re is nagyon oda kell figyelj\u00fcnk.Rem\u00e9lj\u00fck, hogy a J\u00f3 Istenek Het\u00e9ben sikeresek lesz\u00fcnk!<\/p>\n<p><a href=\"http:\/\/www.x-party.hu\/yk\/diakvallforum\/wp-content\/uploads\/2020\/01\/marcius21-kisz-tavasz.jpg\"><img decoding=\"async\" loading=\"lazy\" class=\"aligncenter wp-image-2383\" src=\"http:\/\/www.x-party.hu\/yk\/diakvallforum\/wp-content\/uploads\/2020\/01\/marcius21-kisz-tavasz.jpg\" alt=\"\" width=\"521\" height=\"104\" srcset=\"http:\/\/www.x-party.hu\/yk\/diakvallforum\/wp-content\/uploads\/2020\/01\/marcius21-kisz-tavasz.jpg 945w, http:\/\/www.x-party.hu\/yk\/diakvallforum\/wp-content\/uploads\/2020\/01\/marcius21-kisz-tavasz-300x60.jpg 300w, http:\/\/www.x-party.hu\/yk\/diakvallforum\/wp-content\/uploads\/2020\/01\/marcius21-kisz-tavasz-768x154.jpg 768w\" sizes=\"(max-width: 521px) 100vw, 521px\" \/><\/a><\/p>\n<p><span style=\"text-decoration: underline;\"><strong>A tavasz kezdete &#8211; m\u00e1rcius 20.<\/strong><\/span><br \/>\nJ\u00f3 csillag\u00e1ll\u00e1ssal \u00e9s igazi sz\u00e9p nappal kezd\u0151dik a tavasz. EZ is el\u0151rejelzi, hogy id\u00e9n k\u00fcl\u00f6n\u00f6sen fontos lesz a kreat\u00edv csapatmunka. A Di\u00e1kok \u00e9s V\u00e1llalkoz\u00f3k F\u00f3rum\u00e1t expon\u00e1ljuk a partnereinknek \u00e9s \u00faj kapcsolatokat is ki\u00e9p\u00edt\u00fcnk. A tervez\u00e9sre nagyon f\u00f3kusz\u00e1lunk, k\u00fcl\u00f6n\u00f6sen az EU-EXPO \u00e9s t\u00e9mak\u00f6reire. A nemzetk\u00f6zi \u00e9s a helyhat\u00f3s\u00e1gi kapcsolatainkat is ki\u00e9p\u00edtj\u00fck 2020-ban. Legyen sikeres a tavaszunk!<\/p>\n<p><span style=\"text-decoration: underline;\"><strong>Nemzetk\u00f6zi N\u0151nap &#8211; m\u00e1rcius 8.<br \/>\n<\/strong><\/span>Sok boldogs\u00e1got k\u00edv\u00e1nunk a n\u0151knek, az istenn\u0151knek is!<\/p>\n<p><span style=\"text-decoration: underline;\"><strong>Di\u00e1kok \u00e9s v\u00e1llalkoz\u00f3k \u00dajpest meg\u00faj\u00edt\u00e1s\u00e1\u00e9rt &#8211; m\u00e1rcius 3.<\/strong><\/span><br \/>\nKreat\u00edv, konstrukt\u00edv \u00f6sszefog\u00e1ssal l\u00e9nyegesen fel lehet jav\u00edtani a budapesti ker\u00fcletek t\u00e1rsas\u00e1gi \u00e9let\u00e9t. A polg\u00e1rmesteri hivatallal j\u00f3l egy\u00fcttm\u0171k\u00f6dve p\u00e9ld\u00e1ul a r\u00e9gi piac hasznos\u00edt\u00e1s\u00e1t, a nagyobb szabadterek be\u00e9p\u00edt\u00e9s\u00e9t, a sz\u00f3rakoz\u00e1sunk fel\u00e9l\u00e9nk\u00edt\u00e9s\u00e9t is napirendre vessz\u00fck. A F\u00f3rumunkra megh\u00edvjuk a ker\u00fcleti di\u00e1kokat \u00e9s v\u00e1llalkoz\u00f3kat, persze m\u0171v\u00e9szeket \u00e9s \u00fajs\u00e1g\u00edr\u00f3kat is.<\/p>\n<p><span style=\"text-decoration: underline;\"><strong>Valentin napon a f\u0151 t\u00e9m\u00e1ink: romantika, sz\u00f3rakoz\u00e1s<\/strong><\/span><br \/>\n\u00d6t \u00e9vvel ezel\u0151tti felm\u00e9r\u00e9seink szerint nagyon gyenge lett a sz\u00f3rakoz\u00e1s vil\u00e1ga. Az eltelt t\u00edz \u00e9v alatt a romantika, erotika is tized\u00e9re cs\u00f6kkent. Ezt a k\u00e1ros jelens\u00e9get a poszt.feudalista szeml\u00e9let\u0171 Fidesz-Kdnp kabinet kre\u00e1lta. Ideje v\u00e9gre vid\u00e1mabban \u00e9lvezni \u00e9let\u00fcnket. Ennek \u00e9rdek\u00e9ben c\u00e9ltudatos, kreat\u00edv F\u00f3rumot is megszervez\u00fcnk. Febru\u00e1r 14-\u00e9n err\u0151l is tan\u00e1cskozunk a Valentin napon, a Sz\u00f3viv\u0151 b\u00e1lon.<\/p>\n<p><b style=\"text-decoration: underline;\">Talentum TesztCentrumok fontoss\u00e1ga &#8211; janu\u00e1r 25.<\/b><br \/>\nA K\u00e9z\u00edr\u00e1s napj\u00e1n, a Grafol\u00f3gusok tan\u00e1cskoz\u00e1s\u00e1n a Talentum TesztCentrumok rendszerez\u00e9s\u00e9nek fontoss\u00e1g\u00e1r\u00f3l is besz\u00e9lt\u00fcnk. A di\u00e1koknak, a v\u00e1llalkoz\u00f3knak nagyon hasznos! M\u00e1r 2001-Ben kifejlesztett\u00fck, majd pedig az Egym\u00e1s\u00e9rt Alap\u00edtv\u00e1ny is felkarolta, m\u00e9g 2007-Ben. A meg\u00fajul\u00e1s, a csapatszervez\u00e9s, a megval\u00f6s\u00edt\u00e1s is t\u00e9m\u00e1ja lesz a F\u00f3rumainknak.<\/p>\n<p><span style=\"text-decoration: underline;\"><strong>Meg\u00fajulva tov\u00e1bbfejl\u0151d\u00fcnk 2020-ban!<\/strong><\/span><br \/>\nA r\u00e9szleteket ismertetj\u00fck \u00e9s megbesz\u00e9lj\u00fck az \u00c9vnyit\u00f3 partinkon, janu\u00e1r 20-\u00e1n, a Morrisons2-ben. A Sz\u00e9ps\u00e9g Vil\u00e1gnapj\u00e1ra \u00e9s az EU-EXPO-ra k\u00fcl\u00f6n\u00f6sen f\u00f3kusz\u00e1lunk.<\/p>\n<p><span style=\"text-decoration: underline;\"><strong>Sikerekben gazdag, boldog \u00faj \u00e9vet, \u00e9vtizedet k\u00edv\u00e1nunk!<\/strong><\/span><br \/>\nMeg\u00fajulunk, tov\u00e1bbfejl\u0151d\u00fcnk c\u00e9ljaink el\u00e9r\u00e9se \u00e9rdek\u00e9ben.<\/p>\n","protected":false},"excerpt":{"rendered":"<p>A kreat\u00edv tan\u00e1cskoz\u00e1sunk f\u0151 t\u00e9m\u00e1i &#8211; j\u00fanius 29. Hogyan szolg\u00e1lja a digitaliz\u00e1ci\u00f3 a szocializ\u00e1ci\u00f3t? Hogyan \u00faj\u00edtsuk meg a sz\u00f3rakoz\u00e1skult\u00far\u00e1nkat? Hogyan fejlessz\u00fck a szellemi k\u00e9pess\u00e9geinket? Ezekr\u0151l is t\u00e1rgyalunk a f\u00f3rumainkon. A &hellip; <\/p>\n<p><a href=\"http:\/\/www.x-party.hu\/yk\/diakvallforum\/?p=2357\" class=\"btn btn-readmore\">Read More <span class=\"screen-reader-text\"> &#8222;H\u00edrek, esem\u00e9nyek &#8211; 2020. I. f\u00e9l\u00e9v&#8221;<\/span><\/a><\/p>\n","protected":false},"author":1,"featured_media":2364,"comment_status":"closed","ping_status":"open","sticky":false,"template":"","format":"standard","meta":[],"categories":[1],"tags":[],"_links":{"self":[{"href":"http:\/\/www.x-party.hu\/yk\/diakvallforum\/index.php?rest_route=\/wp\/v2\/posts\/2357"}],"collection":[{"href":"http:\/\/www.x-party.hu\/yk\/diakvallforum\/index.php?rest_route=\/wp\/v2\/posts"}],"about":[{"href":"http:\/\/www.x-party.hu\/yk\/diakvallforum\/index.php?rest_route=\/wp\/v2\/types\/post"}],"author":[{"embeddable":true,"href":"http:\/\/www.x-party.hu\/yk\/diakvallforum\/index.php?rest_route=\/wp\/v2\/users\/1"}],"replies":[{"embeddable":true,"href":"http:\/\/www.x-party.hu\/yk\/diakvallforum\/index.php?rest_route=%2Fwp%2Fv2%2Fcomments&post=2357"}],"version-history":[{"count":24,"href":"http:\/\/www.x-party.hu\/yk\/diakvallforum\/index.php?rest_route=\/wp\/v2\/posts\/2357\/revisions"}],"predecessor-version":[{"id":2456,"href":"http:\/\/www.x-party.hu\/yk\/diakvallforum\/index.php?rest_route=\/wp\/v2\/posts\/2357\/revisions\/2456"}],"wp:featuredmedia":[{"embeddable":true,"href":"http:\/\/www.x-party.hu\/yk\/diakvallforum\/index.php?rest_route=\/wp\/v2\/media\/2364"}],"wp:attachment":[{"href":"http:\/\/www.x-party.hu\/yk\/diakvallforum\/index.php?rest_route=%2Fwp%2Fv2%2Fmedia&parent=2357"}],"wp:term":[{"taxonomy":"category","embeddable":true,"href":"http:\/\/www.x-party.hu\/yk\/diakvallforum\/index.php?rest_route=%2Fwp%2Fv2%2Fcategories&post=2357"},{"taxonomy":"post_tag","embeddable":true,"href":"http:\/\/www.x-party.hu\/yk\/diakvallforum\/index.php?rest_route=%2Fwp%2Fv2%2Ftags&post=2357"}],"curies":[{"name":"wp","href":"https:\/\/api.w.org\/{rel}","templated":true}]}}