{"id":2288,"date":"2019-08-04T14:11:57","date_gmt":"2019-08-04T14:11:57","guid":{"rendered":"http:\/\/www.x-party.hu\/yk\/diakvallforum\/?p=2288"},"modified":"2021-02-28T13:16:08","modified_gmt":"2021-02-28T13:16:08","slug":"alkossuk-meg-a-xxi-szazad-vallasat","status":"publish","type":"post","link":"http:\/\/www.x-party.hu\/yk\/diakvallforum\/?p=2288","title":{"rendered":"Megalkottuk a XXI. sz\u00e1zad vall\u00e1s\u00e1t!"},"content":{"rendered":"<p>A vil\u00e1gn\u00e9zet\u00fcnket, ideol\u00f3gi\u00e1nkat, filoz\u00f3fi\u00e1nkat, vall\u00e1sunkat nagyon meg kell \u00faj\u00edtanunk!<\/p>\n<p><b>H\u00e1rom \u00e9ves fejleszt\u00e9si munk\u00e1nk eredm\u00e9nyek\u00e9ppen megalkottuk a <a href=\"http:\/\/x-party.hu\/eya\/?page_id=529\" target=\"_blank\" rel=\"noopener noreferrer\">\u201cDialektikus idealizmus\u201d<\/a> alapjait<\/b>.<br \/>\nA r\u00e9szleteket megbesz\u00e9lj\u00fck a Before-partinkon, illetve a J\u00f3sda-konferenci\u00e1n.<\/p>\n<p>A helyzet az, hogy sajnos egy \u00f3kori mesek\u00f6nyvnek, a Bibli\u00e1nak t\u00falzott jelent\u0151s\u00e9get tulajdon\u00edtanak az iskol\u00e1kban is. Pedig eleve aljas manipul\u00e1ci\u00f3 k\u00f6vetkezm\u00e9nyek\u00e9nt alkotta meg M\u00f3zes az \u00fan. &#8222;Teremt\u00e9s k\u00f6nyv\u00e9t&#8221;, melyet komolyan nem vehet \u00e9rtelmes ember. Egy aljas gazembert, a testv\u00e9rgyilkos Sz\u00e9th reinkarn\u00e1ci\u00f3j\u00e1t deklar\u00e1lta &#8211; titokban &#8211; istnennek, pedig az maga a S\u00e1t\u00e1n.<\/p>\n<p>Az &#8222;elbibliazolid\u00e1l\u00f3d\u00e1snak&#8221; sz\u00f6rny\u0171 k\u00e1rkihat\u00e1sa van a kollekt\u00edv tudatra. Ugyanis gondolatban visszat\u00e9rnek a h\u00edv\u0151k az \u00f3kori vil\u00e1gba, \u00e9s skizofr\u00e9n helyzetbe ker\u00fcl a t\u00e1rsadalom is emiatt, mert a gyerekeknek a telepatikus hat\u00e1sa j\u00f3val intenz\u00edvebb, mint feln\u0151tt korban.<br \/>\nB\u00e1r nagyr\u00e9szt igazak voltak a Biblia tanmes\u00e9i (az eredeti Krisztusi tan\u00edt\u00e1sok) akkoriban, de most m\u00e1r nagyon m\u00e1s a vil\u00e1g.<\/p>\n<p>Az egyistenhit \u00f6nk\u00e9nyesen, dogmatikusan korl\u00e1tozza az emberek vil\u00e1gk\u00e9p\u00e9t, kreativits\u00e1t, probl\u00e9mamegold\u00e1s\u00e1t, humor\u00e9rz\u00e9k\u00e9t, romantik\u00e1j\u00e1t is.<br \/>\nAz isteni min\u0151s\u00edt\u00e9sre meg\u00e9rdemeltek sz\u00e1ma nagyon sok &#8211; a j\u00f3 istenek\u00e9. Ezt fontos tudnia mindenkinek.<\/p>\n<p><strong>Egy olyan F\u00f3rumot szervezt\u00fcnk 2019. november 7-\u00e9n &#8211; A J\u00f3 Istenek XXXVI. het\u00e9ben -, melyben megbesz\u00e9lt\u00fck, hogy a trad\u00edci\u00f3knak mely r\u00e9sz\u00e9t \u0151rizz\u00fck meg, melyek az igazak mostans\u00e1g is hasznosak, \u00e9s milyen legyen a XXI. sz\u00e1zadban egy \u00e9rtelmes, intelligens embernek a vil\u00e1gn\u00e9zete, ideol\u00f3gi\u00e1ja, vall\u00e1sa.<\/strong><\/p>\n<p>Kifejlesztj\u00fck a<strong> Dialektikus idealizmus miszt\u00e9riumait is.<\/strong> A Napisten, a Holdistenn\u0151 \u00e9s m\u00e1s j\u00f3 istenek fel\u00e9 akt\u00edvabban kell fordulnunk &#8211; tanulnunk, fejl\u0151dn\u00fcnk, er\u0151s\u00f6dn\u00fcnk kell!<\/p>\n<p>A F\u00f3rumunkra megh\u00edvunk szak\u00e9rt\u0151ket, di\u00e1kok vezet\u0151it, v\u00e1llalkoz\u00f3kat, \u00fajs\u00e1g\u00edr\u00f3kat is. Egy alapm\u0171vet, a Dialektikus idealizmust mi m\u00e1r kidolgoztunk. Enn\u00e9l, ha lesz, csak jobbat tudunk elfogadni.<\/p>\n<p>Az Augusztus 20-i nemzeti \u00fcnnep\u00fcnk\u00f6n kezdj\u00fck a PR munk\u00e1t. Di\u00e1kok jelentkez\u00e9s\u00e9t sz\u00edvesen fogadjuk. A v\u00e1llalkoz\u00f3kat megkeress\u00fck, t\u00e1rsuljanak az alkot\u00e1s \u00e9s PR folyamat\u00e1ban.<\/p>\n<p>Az Eur\u00f3pai Fiatalok Sz\u00f6vets\u00e9ge, a L\u00e9lekkutat\u00f3 Int\u00e9zet, a Magyar N\u00e9pk\u00f6zt\u00e1rsas\u00e1g Korm\u00e1nya, a Korm\u00e1nyzati Tan\u00e1csad\u00f3 J\u00f3sda, a Di\u00e1kok \u00e9s V\u00e1llalkoz\u00f3k F\u00f3ruma, az Yrisz Klub kezdem\u00e9nyez\u00e9se ez a t\u00e9ma. Hasonl\u00f3an a <strong>nemzeti Himnuszunk l\u00e9nyeges meg\u00faj\u00edt\u00e1s\u00e1ra<\/strong> is sz\u00fcks\u00e9g van. Legyen dinamikusabb, \u00e9rdekesebb a dallam, a ritmus. Ezt m\u00e1r 2016-ban el is k\u00e9sz\u00edtett\u00fck. A F\u00f3rumunkon prezent\u00e1ljuk.<\/p>\n<p>V\u00e9lem\u00e9nyeket, javaslatokat v\u00e1runk az e-mail c\u00edm\u00fcnkre: efisz@x-party.hu.<\/p>\n<p>K\u00e9sz\u00edtette: Szilv\u00e1sy P\u00e9ter alap\u00edt\u00f3, igazgat\u00f3<\/p>\n<p style=\"text-align: center;\"><strong>Di\u00e1kok \u00e9s V\u00e1llalkoz\u00f3k F\u00f3ruma * L\u00e9lekkutat\u00f3 Int\u00e9zet * Korm\u00e1nyzati Tan\u00e1csad\u00f3 J\u00f3sda * Yrisz Klub * Magyar N\u00e9pk\u00f6zt\u00e1rsas\u00e1g Korm\u00e1nya * Eur\u00f3pai Fiatalok Sz\u00f6vets\u00e9ge<\/strong><\/p>\n<p>Budapest, 2019. 08. 04. * 09-09 * 2021-03-01<\/p>\n","protected":false},"excerpt":{"rendered":"<p>A vil\u00e1gn\u00e9zet\u00fcnket, ideol\u00f3gi\u00e1nkat, filoz\u00f3fi\u00e1nkat, vall\u00e1sunkat nagyon meg kell \u00faj\u00edtanunk! H\u00e1rom \u00e9ves fejleszt\u00e9si munk\u00e1nk eredm\u00e9nyek\u00e9ppen megalkottuk a \u201cDialektikus idealizmus\u201d alapjait. A r\u00e9szleteket megbesz\u00e9lj\u00fck a Before-partinkon, illetve a J\u00f3sda-konferenci\u00e1n. A helyzet az, &hellip; <\/p>\n<p><a href=\"http:\/\/www.x-party.hu\/yk\/diakvallforum\/?p=2288\" class=\"btn btn-readmore\">Read More <span class=\"screen-reader-text\"> &#8222;Megalkottuk a XXI. sz\u00e1zad vall\u00e1s\u00e1t!&#8221;<\/span><\/a><\/p>\n","protected":false},"author":1,"featured_media":2290,"comment_status":"closed","ping_status":"open","sticky":false,"template":"","format":"standard","meta":[],"categories":[1],"tags":[],"_links":{"self":[{"href":"http:\/\/www.x-party.hu\/yk\/diakvallforum\/index.php?rest_route=\/wp\/v2\/posts\/2288"}],"collection":[{"href":"http:\/\/www.x-party.hu\/yk\/diakvallforum\/index.php?rest_route=\/wp\/v2\/posts"}],"about":[{"href":"http:\/\/www.x-party.hu\/yk\/diakvallforum\/index.php?rest_route=\/wp\/v2\/types\/post"}],"author":[{"embeddable":true,"href":"http:\/\/www.x-party.hu\/yk\/diakvallforum\/index.php?rest_route=\/wp\/v2\/users\/1"}],"replies":[{"embeddable":true,"href":"http:\/\/www.x-party.hu\/yk\/diakvallforum\/index.php?rest_route=%2Fwp%2Fv2%2Fcomments&post=2288"}],"version-history":[{"count":6,"href":"http:\/\/www.x-party.hu\/yk\/diakvallforum\/index.php?rest_route=\/wp\/v2\/posts\/2288\/revisions"}],"predecessor-version":[{"id":2648,"href":"http:\/\/www.x-party.hu\/yk\/diakvallforum\/index.php?rest_route=\/wp\/v2\/posts\/2288\/revisions\/2648"}],"wp:featuredmedia":[{"embeddable":true,"href":"http:\/\/www.x-party.hu\/yk\/diakvallforum\/index.php?rest_route=\/wp\/v2\/media\/2290"}],"wp:attachment":[{"href":"http:\/\/www.x-party.hu\/yk\/diakvallforum\/index.php?rest_route=%2Fwp%2Fv2%2Fmedia&parent=2288"}],"wp:term":[{"taxonomy":"category","embeddable":true,"href":"http:\/\/www.x-party.hu\/yk\/diakvallforum\/index.php?rest_route=%2Fwp%2Fv2%2Fcategories&post=2288"},{"taxonomy":"post_tag","embeddable":true,"href":"http:\/\/www.x-party.hu\/yk\/diakvallforum\/index.php?rest_route=%2Fwp%2Fv2%2Ftags&post=2288"}],"curies":[{"name":"wp","href":"https:\/\/api.w.org\/{rel}","templated":true}]}}