{"id":2254,"date":"2019-07-03T06:04:34","date_gmt":"2019-07-03T06:04:34","guid":{"rendered":"http:\/\/www.x-party.hu\/yk\/diakvallforum\/?p=2254"},"modified":"2019-08-08T09:36:34","modified_gmt":"2019-08-08T09:36:34","slug":"ossznemzeti-konzultaciot-szervezunk","status":"publish","type":"post","link":"http:\/\/www.x-party.hu\/yk\/diakvallforum\/?p=2254","title":{"rendered":"\u00d6ssznemzeti konzult\u00e1ci\u00f3t szervez\u00fcnk"},"content":{"rendered":"<p>A v\u00e1llalkoz\u00f3i \u00e9s a di\u00e1kszf\u00e9ra konstrukt\u00edv egy\u00fcttm\u0171k\u00f6d\u00e9se a l\u00e9nyeg.<\/p>\n<p>Az els\u0151 Magyar Vil\u00e1gtal\u00e1lkoz\u00f3n szervezt\u00fck meg az els\u0151 Di\u00e1kok \u00e9s V\u00e1llalkoz\u00f3k F\u00f3rum\u00e1t, m\u00e9g 2011. j\u00falius 3-\u00e1n, Balatonlell\u00e9n.<\/p>\n<p>A n\u00e9v is k\u00f6telez minket arra, hogy \u00f6sszefogjunk nagyobb c\u00e9lok \u00e9rdek\u00e9ben:<\/p>\n<ol>\n<li>\u00d6ssznemzeti konzult\u00e1ci\u00f3t, f\u00f3rumot szervez\u00fcnk annak \u00e9rdek\u00e9ben, hogy az elm\u00falt 6 \u00e9vben kiv\u00e1ndorolt kb. f\u00e9l milli\u00f3 magyar ember, akik tehets\u00e9gesek, kreat\u00edvak, j\u00f6jjenek vissza Magyarorsz\u00e1gra, \u00e9ljenek, dolgozzanak, sz\u00f3rakozzanak itt, haz\u00e1nkban.<\/li>\n<li>A m\u00e1sik k\u00fcl\u00f6n\u00f6sen fontos projekt\u00fcnk az EU-EXPO. Ennek megszervez\u00e9se egyre ink\u00e1bb fontos, nemcsak Magyarorsz\u00e1gon, hanem az Eur\u00f3pai Uni\u00f3ban is.<\/li>\n<li>Ugyancsak fontosnak tartjuk a sz\u00f3rakoz\u00e1skult\u00far\u00e1nk l\u00e9nyeges meg\u00faj\u00edt\u00e1s\u00e1t. Szak\u00e9rt\u0151kb\u0151l \u00e1ll\u00f3, kreat\u00edv, alkot\u00f3 tan\u00e1cskoz\u00e1st szervez\u00fcnk augusztusban \u00e9s szeptemberben.<\/li>\n<li>Hogyan tudjuk hasznosan, \u00e9rtelmesen hasznos\u00edtani az \u00fcres m\u0171anyag palackokat? P\u00e9ld\u00e1ul az iparban, a m\u0171v\u00e9szetben, a lak\u00e1sokban&#8230;<\/li>\n<\/ol>\n<p>Az augusztus 19-i f\u00f3rumunkon mindezekr\u0151l alaposan konzult\u00e1lunk.<\/p>\n<p><strong>Jelentek\u00e9seket, javaslatokat \u00f6r\u00f6mmel v\u00e1rjuk az efisz@x-party.hu e-mail c\u00edm\u00fcnkre!<\/strong><\/p>\n","protected":false},"excerpt":{"rendered":"<p>A v\u00e1llalkoz\u00f3i \u00e9s a di\u00e1kszf\u00e9ra konstrukt\u00edv egy\u00fcttm\u0171k\u00f6d\u00e9se a l\u00e9nyeg. Az els\u0151 Magyar Vil\u00e1gtal\u00e1lkoz\u00f3n szervezt\u00fck meg az els\u0151 Di\u00e1kok \u00e9s V\u00e1llalkoz\u00f3k F\u00f3rum\u00e1t, m\u00e9g 2011. j\u00falius 3-\u00e1n, Balatonlell\u00e9n. A n\u00e9v is k\u00f6telez &hellip; <\/p>\n<p><a href=\"http:\/\/www.x-party.hu\/yk\/diakvallforum\/?p=2254\" class=\"btn btn-readmore\">Read More <span class=\"screen-reader-text\"> &#8222;\u00d6ssznemzeti konzult\u00e1ci\u00f3t szervez\u00fcnk&#8221;<\/span><\/a><\/p>\n","protected":false},"author":1,"featured_media":2223,"comment_status":"closed","ping_status":"open","sticky":false,"template":"","format":"standard","meta":[],"categories":[1],"tags":[],"_links":{"self":[{"href":"http:\/\/www.x-party.hu\/yk\/diakvallforum\/index.php?rest_route=\/wp\/v2\/posts\/2254"}],"collection":[{"href":"http:\/\/www.x-party.hu\/yk\/diakvallforum\/index.php?rest_route=\/wp\/v2\/posts"}],"about":[{"href":"http:\/\/www.x-party.hu\/yk\/diakvallforum\/index.php?rest_route=\/wp\/v2\/types\/post"}],"author":[{"embeddable":true,"href":"http:\/\/www.x-party.hu\/yk\/diakvallforum\/index.php?rest_route=\/wp\/v2\/users\/1"}],"replies":[{"embeddable":true,"href":"http:\/\/www.x-party.hu\/yk\/diakvallforum\/index.php?rest_route=%2Fwp%2Fv2%2Fcomments&post=2254"}],"version-history":[{"count":4,"href":"http:\/\/www.x-party.hu\/yk\/diakvallforum\/index.php?rest_route=\/wp\/v2\/posts\/2254\/revisions"}],"predecessor-version":[{"id":2301,"href":"http:\/\/www.x-party.hu\/yk\/diakvallforum\/index.php?rest_route=\/wp\/v2\/posts\/2254\/revisions\/2301"}],"wp:featuredmedia":[{"embeddable":true,"href":"http:\/\/www.x-party.hu\/yk\/diakvallforum\/index.php?rest_route=\/wp\/v2\/media\/2223"}],"wp:attachment":[{"href":"http:\/\/www.x-party.hu\/yk\/diakvallforum\/index.php?rest_route=%2Fwp%2Fv2%2Fmedia&parent=2254"}],"wp:term":[{"taxonomy":"category","embeddable":true,"href":"http:\/\/www.x-party.hu\/yk\/diakvallforum\/index.php?rest_route=%2Fwp%2Fv2%2Fcategories&post=2254"},{"taxonomy":"post_tag","embeddable":true,"href":"http:\/\/www.x-party.hu\/yk\/diakvallforum\/index.php?rest_route=%2Fwp%2Fv2%2Ftags&post=2254"}],"curies":[{"name":"wp","href":"https:\/\/api.w.org\/{rel}","templated":true}]}}