{"id":2141,"date":"2019-04-01T09:55:03","date_gmt":"2019-04-01T09:55:03","guid":{"rendered":"http:\/\/www.x-party.hu\/yk\/diakvallforum\/?p=2141"},"modified":"2019-04-14T18:31:15","modified_gmt":"2019-04-14T18:31:15","slug":"osszefogva-tudunk-megujulni","status":"publish","type":"post","link":"http:\/\/www.x-party.hu\/yk\/diakvallforum\/?p=2141","title":{"rendered":"\u00d6sszefogva tudunk meg\u00fajulni"},"content":{"rendered":"<p>A harminc \u00e9vvel ezel\u0151tt megalap\u00edtott v\u00e1llalkoz\u00f3i szf\u00e9ra &#8211; t\u00f6bbek k\u00f6z\u00f6tt a V\u00e1llalkoz\u00f3k Klubja, a V\u00e1llalkoz\u00f3k Orsz\u00e1gos Sz\u00f6vets\u00e9ge, az APEH, a BKIK, az MSZP V\u00e1llalkoz\u00f3i tagozata \u00e1ltal l\u00e9trehozott magyar v\u00e1llalkoz\u00e1sok &#8211; a gyakorlati \u00e9letben j\u00f3l t\u00e1j\u00e9kozott, a di\u00e1ks\u00e1g pedig a kreat\u00edv, fant\u00e1zi\u00e1ban otthonos. E k\u00e9t aspektusnak\u00a0 egy\u00fctt van fontos szerepe a fejl\u0151d\u00e9snek, a meg\u00fajul\u00e1snak. Erre most megint nagy sz\u00fcks\u00e9g van. A t\u00e1rsadalmi rendszer\u00fcnk alapideol\u00f3gi\u00e1j\u00e1t is fejleszten\u00fcnk sz\u00fcks\u00e9ges, a XXI. sz\u00e1zadnak megfelle\u0151en.<\/p>\n<p>A di\u00e1ks\u00e1g korszer\u0171 szeml\u00e9lete (ha nem ragadnak le a dogmatikus monoteizmusok mellett), \u00e9s a v\u00e1llalkoz\u00f3k tapasztalalata egy nagyon konstrukt\u00edv, kreat\u00edv, tematikus f\u00f3rumon kell majd tal\u00e1lkozzon, alkosson.<\/p>\n<p>Kezdem\u00e9nyezz\u00fck, hogy a v\u00e1llalkoz\u00f3i szf\u00e9ra meg\u00faj\u00edt\u00e1sa \u00e9rdek\u00e9ben egy \u00f6ssz-nemzeti di\u00e1-v\u00e1llalko\u00f3 konferenci\u00e1t szervezz\u00fcnk meg, melyben az EU-EXPO is fontos t\u00e9ma lesz.<\/p>\n<p>A r\u00e9szleteket, a partners\u00e9get, az infokommunik\u00e1ci\u00f3t, a szervez\u00e9st m\u00e1r az \u00e1prilis 4-i f\u00f3rumunkon, EU-EXPO klubunkon elkezdj\u00fck megbesz\u00e9lni.<\/p>\n<p><strong>Konkl\u00fazi\u00f3k, terveink:<\/strong><\/p>\n","protected":false},"excerpt":{"rendered":"<p>A harminc \u00e9vvel ezel\u0151tt megalap\u00edtott v\u00e1llalkoz\u00f3i szf\u00e9ra &#8211; t\u00f6bbek k\u00f6z\u00f6tt a V\u00e1llalkoz\u00f3k Klubja, a V\u00e1llalkoz\u00f3k Orsz\u00e1gos Sz\u00f6vets\u00e9ge, az APEH, a BKIK, az MSZP V\u00e1llalkoz\u00f3i tagozata \u00e1ltal l\u00e9trehozott magyar v\u00e1llalkoz\u00e1sok &#8211; &hellip; <\/p>\n<p><a href=\"http:\/\/www.x-party.hu\/yk\/diakvallforum\/?p=2141\" class=\"btn btn-readmore\">Read More <span class=\"screen-reader-text\"> &#8222;\u00d6sszefogva tudunk meg\u00fajulni&#8221;<\/span><\/a><\/p>\n","protected":false},"author":1,"featured_media":2143,"comment_status":"closed","ping_status":"open","sticky":false,"template":"","format":"standard","meta":[],"categories":[1],"tags":[],"_links":{"self":[{"href":"http:\/\/www.x-party.hu\/yk\/diakvallforum\/index.php?rest_route=\/wp\/v2\/posts\/2141"}],"collection":[{"href":"http:\/\/www.x-party.hu\/yk\/diakvallforum\/index.php?rest_route=\/wp\/v2\/posts"}],"about":[{"href":"http:\/\/www.x-party.hu\/yk\/diakvallforum\/index.php?rest_route=\/wp\/v2\/types\/post"}],"author":[{"embeddable":true,"href":"http:\/\/www.x-party.hu\/yk\/diakvallforum\/index.php?rest_route=\/wp\/v2\/users\/1"}],"replies":[{"embeddable":true,"href":"http:\/\/www.x-party.hu\/yk\/diakvallforum\/index.php?rest_route=%2Fwp%2Fv2%2Fcomments&post=2141"}],"version-history":[{"count":1,"href":"http:\/\/www.x-party.hu\/yk\/diakvallforum\/index.php?rest_route=\/wp\/v2\/posts\/2141\/revisions"}],"predecessor-version":[{"id":2142,"href":"http:\/\/www.x-party.hu\/yk\/diakvallforum\/index.php?rest_route=\/wp\/v2\/posts\/2141\/revisions\/2142"}],"wp:featuredmedia":[{"embeddable":true,"href":"http:\/\/www.x-party.hu\/yk\/diakvallforum\/index.php?rest_route=\/wp\/v2\/media\/2143"}],"wp:attachment":[{"href":"http:\/\/www.x-party.hu\/yk\/diakvallforum\/index.php?rest_route=%2Fwp%2Fv2%2Fmedia&parent=2141"}],"wp:term":[{"taxonomy":"category","embeddable":true,"href":"http:\/\/www.x-party.hu\/yk\/diakvallforum\/index.php?rest_route=%2Fwp%2Fv2%2Fcategories&post=2141"},{"taxonomy":"post_tag","embeddable":true,"href":"http:\/\/www.x-party.hu\/yk\/diakvallforum\/index.php?rest_route=%2Fwp%2Fv2%2Ftags&post=2141"}],"curies":[{"name":"wp","href":"https:\/\/api.w.org\/{rel}","templated":true}]}}