{"id":1910,"date":"2018-02-28T10:05:07","date_gmt":"2018-02-28T10:05:07","guid":{"rendered":"http:\/\/www.x-party.hu\/yk\/diakvallforum\/?p=1910"},"modified":"2018-03-15T22:09:59","modified_gmt":"2018-03-15T22:09:59","slug":"alkossuk-meg-az-olimpia-indulojat","status":"publish","type":"post","link":"http:\/\/www.x-party.hu\/yk\/diakvallforum\/?p=1910","title":{"rendered":"Alkossuk meg az Olimpia indul\u00f3j\u00e1t!"},"content":{"rendered":"<p>Alapos egyeztet\u00e9sek \u00e9s tan\u00e1cskoz\u00e1sok ut\u00e1n kezdem\u00e9nyezz\u00fck, hogy alkossuk meg az Olimpia indul\u00f3j\u00e1t, melynek sz\u00f6vege az olimpiai arany\u00e9remmel is d\u00edjazott &#8222;\u00d3da a sporthoz&#8221; c\u00edm\u0171 vers, Pierre de Coubertin m\u0171ve legyen.<\/p>\n<p>A zen\u00e9t versenyszer\u0171en megkompon\u00e1ljuk, \u00e9s 2020-ban a Nemzetk\u00f6zi Olimpiai Bizotts\u00e1g d\u00f6nts\u00f6n arr\u00f3l, hogy melyik alkot\u00e1s legyen az Olimpia indul\u00f3ja. Lehet \u00e9nekelni, zen\u00e9lni.<\/p>\n<p>Amikor a megnyit\u00f3 \u00fcnneps\u00e9gen fellobban az olimpiai l\u00e1ng, felh\u00fazz\u00e1k az \u00f6tkarik\u00e1s z\u00e1szl\u00f3t, akkor kell, hogy felcsend\u00fclj\u00f6n az Olimpia indul\u00f3ja.<\/p>\n<p>Rem\u00e9lj\u00fck, hogy a Toki\u00f3i Olimpi\u00e1n ez \u00edgy is lesz.<\/p>\n<p>Addig viszont az els\u0151, hazai fordul\u00f3t megszervezz\u00fck, \u00e9s a Sz\u00e9ps\u00e9g Vil\u00e1gnapj\u00e1n, okt\u00f3ber 14-\u00e9n d\u00f6nt\u00fcnk a magyar versenym\u0171r\u0151l. &#8222;A Sz\u00e9p Dal Ma&#8230;&#8221; verseny\u00fcnknek ez nagyon sz\u00e9p expoz\u00edci\u00f3ja lesz!<\/p>\n<p>Az Eur\u00f3pai Fiatalok Sz\u00f6vets\u00e9g\u00e9nek, az EU-EXP\u00d3 Klubnak, a Di\u00e1kok \u00e9s V\u00e1llalkoz\u00f3k F\u00f3rum\u00e1nak kezdem\u00e9nyez\u00e9se 2018. febru\u00e1r 25-\u00e9n.<\/p>\n","protected":false},"excerpt":{"rendered":"<p>Alapos egyeztet\u00e9sek \u00e9s tan\u00e1cskoz\u00e1sok ut\u00e1n kezdem\u00e9nyezz\u00fck, hogy alkossuk meg az Olimpia indul\u00f3j\u00e1t, melynek sz\u00f6vege az olimpiai arany\u00e9remmel is d\u00edjazott &#8222;\u00d3da a sporthoz&#8221; c\u00edm\u0171 vers, Pierre de Coubertin m\u0171ve legyen. A &hellip; <\/p>\n<p><a href=\"http:\/\/www.x-party.hu\/yk\/diakvallforum\/?p=1910\" class=\"btn btn-readmore\">Read More <span class=\"screen-reader-text\"> &#8222;Alkossuk meg az Olimpia indul\u00f3j\u00e1t!&#8221;<\/span><\/a><\/p>\n","protected":false},"author":1,"featured_media":1916,"comment_status":"closed","ping_status":"open","sticky":false,"template":"","format":"standard","meta":[],"categories":[1],"tags":[],"_links":{"self":[{"href":"http:\/\/www.x-party.hu\/yk\/diakvallforum\/index.php?rest_route=\/wp\/v2\/posts\/1910"}],"collection":[{"href":"http:\/\/www.x-party.hu\/yk\/diakvallforum\/index.php?rest_route=\/wp\/v2\/posts"}],"about":[{"href":"http:\/\/www.x-party.hu\/yk\/diakvallforum\/index.php?rest_route=\/wp\/v2\/types\/post"}],"author":[{"embeddable":true,"href":"http:\/\/www.x-party.hu\/yk\/diakvallforum\/index.php?rest_route=\/wp\/v2\/users\/1"}],"replies":[{"embeddable":true,"href":"http:\/\/www.x-party.hu\/yk\/diakvallforum\/index.php?rest_route=%2Fwp%2Fv2%2Fcomments&post=1910"}],"version-history":[{"count":1,"href":"http:\/\/www.x-party.hu\/yk\/diakvallforum\/index.php?rest_route=\/wp\/v2\/posts\/1910\/revisions"}],"predecessor-version":[{"id":1911,"href":"http:\/\/www.x-party.hu\/yk\/diakvallforum\/index.php?rest_route=\/wp\/v2\/posts\/1910\/revisions\/1911"}],"wp:featuredmedia":[{"embeddable":true,"href":"http:\/\/www.x-party.hu\/yk\/diakvallforum\/index.php?rest_route=\/wp\/v2\/media\/1916"}],"wp:attachment":[{"href":"http:\/\/www.x-party.hu\/yk\/diakvallforum\/index.php?rest_route=%2Fwp%2Fv2%2Fmedia&parent=1910"}],"wp:term":[{"taxonomy":"category","embeddable":true,"href":"http:\/\/www.x-party.hu\/yk\/diakvallforum\/index.php?rest_route=%2Fwp%2Fv2%2Fcategories&post=1910"},{"taxonomy":"post_tag","embeddable":true,"href":"http:\/\/www.x-party.hu\/yk\/diakvallforum\/index.php?rest_route=%2Fwp%2Fv2%2Ftags&post=1910"}],"curies":[{"name":"wp","href":"https:\/\/api.w.org\/{rel}","templated":true}]}}