{"id":1780,"date":"2017-12-11T14:06:26","date_gmt":"2017-12-11T14:06:26","guid":{"rendered":"http:\/\/www.x-party.hu\/yk\/diakvallforum\/?p=1780"},"modified":"2017-12-28T18:39:23","modified_gmt":"2017-12-28T18:39:23","slug":"megujitjuk-a-ket-szferat","status":"publish","type":"post","link":"http:\/\/www.x-party.hu\/yk\/diakvallforum\/?p=1780","title":{"rendered":"Meg\u00faj\u00edtjuk a k\u00e9t szf\u00e9r\u00e1t"},"content":{"rendered":"<p>A di\u00e1kok \u00e9s a v\u00e1llalkoz\u00f3k k\u00fcl\u00f6n\u00f6sen sokat tesznek a nemzet\u00fcnk\u00e9rt, a fej\u0151d\u00e9s\u00e9rt. Nemzetk\u00f6zi \u00f6sszefog\u00e1sban tudjuk, hogy mit \u00e9rdemes fejleszteni, el\u0151\u00e1ll\u00edtani, forgalmazni.<\/p>\n<p>M\u00e9g a dics\u0151s\u00e9ges szocializmusban, a nyolcvanas \u00e9vek v\u00e9g\u00e9n lett megteremtve a v\u00e1llalkoz\u00f3i vil\u00e1g Magyarorsz\u00e1gon. A di\u00e1ks\u00e1g m\u00e1r akkor elismert volt itthon \u00e9s k\u00fclf\u00f6ld\u00f6n egyar\u00e1nt.<\/p>\n<p>Mostanra, a XXI. sz\u00e1zad m\u00e1sodik \u00e9vtized\u00e9nek v\u00e9g\u00e9re ism\u00e9t az innov\u00e1ci\u00f3\u00e9 lesz a f\u0151szerep: meg kell \u00faj\u00edtanunk a di\u00e1k \u00e9s a v\u00e1llalkoz\u00f3i szf\u00e9r\u00e1t.<\/p>\n<p>Igen, \u00e1m de hogyan, kikkel, mi\u00e9rt?<\/p>\n<!--[if lt IE 9]><script>document.createElement('audio');<\/script><![endif]-->\n<audio class=\"wp-audio-shortcode\" id=\"audio-1780-1\" preload=\"none\" style=\"width: 100%;\" controls=\"controls\"><source type=\"audio\/mpeg\" src=\"http:\/\/www.x-party.hu\/yk\/diakvallforum\/wp-content\/uploads\/2017\/12\/DIVSZ-indul\u00f3-Best-of-Communism.mp3?_=1\" \/><a href=\"http:\/\/www.x-party.hu\/yk\/diakvallforum\/wp-content\/uploads\/2017\/12\/DIVSZ-indul\u00f3-Best-of-Communism.mp3\">http:\/\/www.x-party.hu\/yk\/diakvallforum\/wp-content\/uploads\/2017\/12\/DIVSZ-indul\u00f3-Best-of-Communism.mp3<\/a><\/audio>\n<p>Nos, az els\u0151 \u00e9s <strong>legfontosabb k\u00e9rd\u00e9s: milyen ideol\u00f3gia, vil\u00e1gn\u00e9zet ment\u00e9n \u00fajuljunk meg<\/strong>? S\u0151t, az is felvet\u0151dik, hogy mag\u00e1t a vil\u00e1gn\u00e9zet\u00fcnket, az \u00e9letfiloz\u00f3fi\u00e1nkat, a vall\u00e1sunkat \u00faj\u00edtsuk meg, a XXI. sz\u00e1zad ismereteire, tapasztalataira \u00e9s c\u00e9ljaira alapozva.<\/p>\n<p>Teh\u00e1t most az a l\u00e9nyeg, hogy egy\u00fctt gondolkodva, \u00f6sszefogva, konstrukt\u00edvan t\u00e1rgyaljunk, besz\u00e9lj\u00fcnk, tervezz\u00fcnk, d\u00f6nts\u00fcnk arr\u00f3l, hogy milyen vil\u00e1got szeretn\u00e9nk magunknak, a nemzetnek, az EU-nak, az emberis\u00e9gnek. Lehet, hogy ez t\u00falz\u00e1snak t\u0171nik, de ha elkezdj\u00fck, akkor m\u00e1r van \u00e9rtelme a mozgalmunknak is.<\/p>\n<p>K\u00f6vetkezik teh\u00e1t: Di\u00e1kok \u00e9s V\u00e1llalkoz\u00f3k F\u00f3ruma a nemzeti vil\u00e1gn\u00e9zet\u00fcnk, ideol\u00f3gi\u00e1nk, filoz\u00f3fi\u00e1nk, vall\u00e1sunk l\u00e9nyeges meg\u00faj\u00edt\u00e1sa, tov\u00e1bbfejleszt\u00e9se \u00e9rdek\u00e9ben, A k\u00f6vetkez\u0151 TesTudaT Konferenci\u00e1nkon ez lesz a f\u00f3kuszban, 2018. m\u00e1rcius 25-\u00e9n. A di\u00e1ks\u00e1gnak, a v\u00e1llalkoz\u00f3knak jut a f\u0151szerep, na meg a tud\u00f3soknak, a sz\u00e9ps\u00e9geknek, a m\u0171v\u00e9szeknek, az \u00fajs\u00e1g\u00edr\u00f3knak is. Err\u0151l a kezdem\u00e9nyez\u00e9s\u00fcnkr\u0151l is lesz sz\u00f3 az \u00c9vnyit\u00f3 partinkon, 2018. janu\u00e1r 29-\u00e9n, ami egyben az EU-EXPO Klub, a Miss \u00cdrisz v\u00e1laszt\u00e1s, az Eur\u00f3pai Fiatalok Sz\u00f6vets\u00e9g\u00e9nek \u00e9s az Eur\u00f3pai Sajt\u00f3sz\u00f6vets\u00e9gnek is \u00e9vnyit\u00f3 partija.<\/p>\n","protected":false},"excerpt":{"rendered":"<p>A di\u00e1kok \u00e9s a v\u00e1llalkoz\u00f3k k\u00fcl\u00f6n\u00f6sen sokat tesznek a nemzet\u00fcnk\u00e9rt, a fej\u0151d\u00e9s\u00e9rt. Nemzetk\u00f6zi \u00f6sszefog\u00e1sban tudjuk, hogy mit \u00e9rdemes fejleszteni, el\u0151\u00e1ll\u00edtani, forgalmazni. M\u00e9g a dics\u0151s\u00e9ges szocializmusban, a nyolcvanas \u00e9vek v\u00e9g\u00e9n lett &hellip; <\/p>\n<p><a href=\"http:\/\/www.x-party.hu\/yk\/diakvallforum\/?p=1780\" class=\"btn btn-readmore\">Read More <span class=\"screen-reader-text\"> &#8222;Meg\u00faj\u00edtjuk a k\u00e9t szf\u00e9r\u00e1t&#8221;<\/span><\/a><\/p>\n","protected":false},"author":1,"featured_media":0,"comment_status":"closed","ping_status":"open","sticky":false,"template":"","format":"standard","meta":[],"categories":[1],"tags":[],"_links":{"self":[{"href":"http:\/\/www.x-party.hu\/yk\/diakvallforum\/index.php?rest_route=\/wp\/v2\/posts\/1780"}],"collection":[{"href":"http:\/\/www.x-party.hu\/yk\/diakvallforum\/index.php?rest_route=\/wp\/v2\/posts"}],"about":[{"href":"http:\/\/www.x-party.hu\/yk\/diakvallforum\/index.php?rest_route=\/wp\/v2\/types\/post"}],"author":[{"embeddable":true,"href":"http:\/\/www.x-party.hu\/yk\/diakvallforum\/index.php?rest_route=\/wp\/v2\/users\/1"}],"replies":[{"embeddable":true,"href":"http:\/\/www.x-party.hu\/yk\/diakvallforum\/index.php?rest_route=%2Fwp%2Fv2%2Fcomments&post=1780"}],"version-history":[{"count":3,"href":"http:\/\/www.x-party.hu\/yk\/diakvallforum\/index.php?rest_route=\/wp\/v2\/posts\/1780\/revisions"}],"predecessor-version":[{"id":1785,"href":"http:\/\/www.x-party.hu\/yk\/diakvallforum\/index.php?rest_route=\/wp\/v2\/posts\/1780\/revisions\/1785"}],"wp:attachment":[{"href":"http:\/\/www.x-party.hu\/yk\/diakvallforum\/index.php?rest_route=%2Fwp%2Fv2%2Fmedia&parent=1780"}],"wp:term":[{"taxonomy":"category","embeddable":true,"href":"http:\/\/www.x-party.hu\/yk\/diakvallforum\/index.php?rest_route=%2Fwp%2Fv2%2Fcategories&post=1780"},{"taxonomy":"post_tag","embeddable":true,"href":"http:\/\/www.x-party.hu\/yk\/diakvallforum\/index.php?rest_route=%2Fwp%2Fv2%2Ftags&post=1780"}],"curies":[{"name":"wp","href":"https:\/\/api.w.org\/{rel}","templated":true}]}}