{"id":1723,"date":"2017-09-14T15:51:05","date_gmt":"2017-09-14T15:51:05","guid":{"rendered":"http:\/\/www.x-party.hu\/yk\/diakvallforum\/?p=1723"},"modified":"2017-09-14T15:51:05","modified_gmt":"2017-09-14T15:51:05","slug":"before-party","status":"publish","type":"post","link":"http:\/\/www.x-party.hu\/yk\/diakvallforum\/?p=1723","title":{"rendered":"Before-party"},"content":{"rendered":"<p>J\u00f3l siker\u00fclt az EU-EXPO \u00e9s A Sz\u00e9ps\u00e9g Vil\u00e1gnapja Before-partija, 2017. szeptember 12-\u00e9n, a Ludy Konferencia K\u00f6zpontban.<\/p>\n<p>A Di\u00e1kok \u00e9s V\u00e1llalkoz\u00f3k F\u00f3ruma k\u00fcl\u00f6n\u00f6sen \u00e9rintett mindk\u00e9t t\u00e9m\u00e1ban, hiszen a kreativit\u00e1s, a nemzetk\u00f6zi info-kommunik\u00e1ci\u00f3, a rekl\u00e1m-propaganda \u00e9s az \u00e9rt\u00e9kes\u00edt\u00e9s ter\u00e9n nagyon \u00e9rdekelt a k\u00e9t szf\u00e9ra, a di\u00e1ks\u00e1g \u00e9s a v\u00e1llalkoz\u00f3k.<\/p>\n<p>Meg\u00e1llapodtunk, hogy id\u00e9n az EU-EXPO a 2018-as terveink prezent\u00e1ci\u00f3ja lesz. Szeretn\u00e9nk el\u00e9rni, hogy j\u00f6v\u0151re, ha m\u00e1r lecsendesedtek a politikai hacac\u00e1r\u00e9k, akkor a t\u00e1rsadalom \u00fajra az alkot\u00e1s fel\u00e9, a kapcsolatok, a k\u00f6z\u00f6ss\u00e9gi \u00e9let fel\u00e9 fordul. Az EU-EXPO egyik legfontosabb k\u00fcldet\u00e9se, hogy a nemzetek egy\u00fcttm\u0171k\u00f6d\u00e9s\u00e9t, fejl\u0151d\u00e9s\u00e9t seg\u00edtse. Err\u0151l is sz\u00f3lnak a F\u00f3rumaink, az EU-EXPO \u00e9s az Aktivista Klubjaink.<\/p>\n<p>A Before-party hagyom\u00e1nya imm\u00e1r, hogy megv\u00e1lasztjuk a Party Sz\u00e9p\u00e9t is, aki 2017-ben M\u00e1ty\u00e1s Bianka, 17 \u00e9ves di\u00e1kl\u00e1ny lett.<\/p>\n<p style=\"text-align: center;\"><img decoding=\"async\" loading=\"lazy\" class=\"aligncenter size-large wp-image-1724\" src=\"http:\/\/www.x-party.hu\/yk\/diakvallforum\/wp-content\/uploads\/2017\/09\/before-party-szepe-a1-2017-1024x683.jpg\" alt=\"\" width=\"640\" height=\"427\" srcset=\"http:\/\/www.x-party.hu\/yk\/diakvallforum\/wp-content\/uploads\/2017\/09\/before-party-szepe-a1-2017-1024x683.jpg 1024w, http:\/\/www.x-party.hu\/yk\/diakvallforum\/wp-content\/uploads\/2017\/09\/before-party-szepe-a1-2017-300x200.jpg 300w, http:\/\/www.x-party.hu\/yk\/diakvallforum\/wp-content\/uploads\/2017\/09\/before-party-szepe-a1-2017-768x512.jpg 768w, http:\/\/www.x-party.hu\/yk\/diakvallforum\/wp-content\/uploads\/2017\/09\/before-party-szepe-a1-2017.jpg 1134w\" sizes=\"(max-width: 640px) 100vw, 640px\" \/><\/p>\n","protected":false},"excerpt":{"rendered":"<p>J\u00f3l siker\u00fclt az EU-EXPO \u00e9s A Sz\u00e9ps\u00e9g Vil\u00e1gnapja Before-partija, 2017. szeptember 12-\u00e9n, a Ludy Konferencia K\u00f6zpontban. A Di\u00e1kok \u00e9s V\u00e1llalkoz\u00f3k F\u00f3ruma k\u00fcl\u00f6n\u00f6sen \u00e9rintett mindk\u00e9t t\u00e9m\u00e1ban, hiszen a kreativit\u00e1s, a nemzetk\u00f6zi &hellip; <\/p>\n<p><a href=\"http:\/\/www.x-party.hu\/yk\/diakvallforum\/?p=1723\" class=\"btn btn-readmore\">Read More <span class=\"screen-reader-text\"> &#8222;Before-party&#8221;<\/span><\/a><\/p>\n","protected":false},"author":1,"featured_media":0,"comment_status":"closed","ping_status":"open","sticky":false,"template":"","format":"standard","meta":[],"categories":[1],"tags":[],"_links":{"self":[{"href":"http:\/\/www.x-party.hu\/yk\/diakvallforum\/index.php?rest_route=\/wp\/v2\/posts\/1723"}],"collection":[{"href":"http:\/\/www.x-party.hu\/yk\/diakvallforum\/index.php?rest_route=\/wp\/v2\/posts"}],"about":[{"href":"http:\/\/www.x-party.hu\/yk\/diakvallforum\/index.php?rest_route=\/wp\/v2\/types\/post"}],"author":[{"embeddable":true,"href":"http:\/\/www.x-party.hu\/yk\/diakvallforum\/index.php?rest_route=\/wp\/v2\/users\/1"}],"replies":[{"embeddable":true,"href":"http:\/\/www.x-party.hu\/yk\/diakvallforum\/index.php?rest_route=%2Fwp%2Fv2%2Fcomments&post=1723"}],"version-history":[{"count":1,"href":"http:\/\/www.x-party.hu\/yk\/diakvallforum\/index.php?rest_route=\/wp\/v2\/posts\/1723\/revisions"}],"predecessor-version":[{"id":1725,"href":"http:\/\/www.x-party.hu\/yk\/diakvallforum\/index.php?rest_route=\/wp\/v2\/posts\/1723\/revisions\/1725"}],"wp:attachment":[{"href":"http:\/\/www.x-party.hu\/yk\/diakvallforum\/index.php?rest_route=%2Fwp%2Fv2%2Fmedia&parent=1723"}],"wp:term":[{"taxonomy":"category","embeddable":true,"href":"http:\/\/www.x-party.hu\/yk\/diakvallforum\/index.php?rest_route=%2Fwp%2Fv2%2Fcategories&post=1723"},{"taxonomy":"post_tag","embeddable":true,"href":"http:\/\/www.x-party.hu\/yk\/diakvallforum\/index.php?rest_route=%2Fwp%2Fv2%2Ftags&post=1723"}],"curies":[{"name":"wp","href":"https:\/\/api.w.org\/{rel}","templated":true}]}}