{"id":1645,"date":"2017-04-30T11:45:31","date_gmt":"2017-04-30T11:45:31","guid":{"rendered":"http:\/\/www.x-party.hu\/yk\/diakvallforum\/?p=1645"},"modified":"2017-04-30T11:45:31","modified_gmt":"2017-04-30T11:45:31","slug":"majalis-ipar-napjai","status":"publish","type":"post","link":"http:\/\/www.x-party.hu\/yk\/diakvallforum\/?p=1645","title":{"rendered":"Maj\u00e1lis + Ipar Napjai"},"content":{"rendered":"<p>\u00c1prilis utols\u00f3 napja, \u00e9s m\u00e1jus elseje n\u00e9gynapos rendezv\u00e9nyek sorozat\u00e1t hozt\u00e1k, orsz\u00e1gszerte.<br \/>\nA di\u00e1koknak kellemes kikapcsol\u00f3d\u00e1s, de j\u00f3 munkalehet\u0151s\u00e9g is, a v\u00e1llalkoz\u00f3knak pedig j\u00f3 megjelen\u00e9si lehet\u0151s\u00e9g a rendezv\u00e9nyeken.<\/p>\n<p><strong>Az Ipar Napjai a Hungexp\u00f3n, m\u00e1jus 9-12-ig tart.<\/strong><br \/>\nK\u00fcl\u00f6nleges <strong>Di\u00e1kok \u00e9s V\u00e1llalkoz\u00f3k F\u00f3rumot<\/strong> szervez\u00fcnk m\u00e1jus 10-\u00e9n, mely egyben <strong>EU-EXPO Klub<\/strong> is. Az EU-s kapcsolatainkra \u00e9s nagyobb projektjeinkre koncentr\u00e1lunk. Term\u00e9szetesen a sz\u00e9ps\u00e9gversenyek szervez\u00e9se is napirenden lesz, hiszen nagyon sok sz\u00e9p di\u00e1kl\u00e1ny vesz r\u00e9szt a ki\u00e1ll\u00edt\u00f3i standok k\u00f6z\u00f6ss\u00e9g-orient\u00e1lt munk\u00e1j\u00e1ban.<\/p>\n<p>Most az a legl\u00e9nyegesebb, hogy a k\u00e9t szf\u00e9r\u00e1t megmozgat\u00f3 hat\u00e9kony inf\u00f3-kommunik\u00e1ci\u00f3s rendszer\u00fcnket kidolgozzuk, ez\u00e9rt kreat\u00edv csoportm\u00f3dszereket is alkalmazunk a F\u00f3rumunkon.<\/p>\n<p>Amit a di\u00e1kok nagyon j\u00f3l tudnak: informatika, design, idegen nyelv, kommunik\u00e1ci\u00f3, asszisztencia, szervez\u00e9s. Keress\u00fck az EU-EXPO Klubunk h\u00e1ziasszony\u00e1t is.<\/p>\n<p>A v\u00e1llalkoz\u00f3i szf\u00e9ra a val\u00f3s, gyakorlati \u00e9lethez \u00e9rt j\u00f3l, a nagy lehet\u0151s\u00e9geket j\u00f3l fel tudjuk ismeri, \u00e9s a sikeres megval\u00f3s\u00edt\u00e1s terv\u00e9t is kidolgozzuk. \u00d6sszefogva sokkal eredm\u00e9nyesebbek tudunk lenni. Mindenki j\u00f3l j\u00e1r.<\/p>\n<p><strong>A 2017. m\u00e1jus 10-i Di\u00e1kok \u00e9s V\u00e1llalkoz\u00f3k F\u00f3rum\u00e1nak eredm\u00e9nyei, konkl\u00fazi\u00f3i:<\/strong><\/p>\n","protected":false},"excerpt":{"rendered":"<p>\u00c1prilis utols\u00f3 napja, \u00e9s m\u00e1jus elseje n\u00e9gynapos rendezv\u00e9nyek sorozat\u00e1t hozt\u00e1k, orsz\u00e1gszerte. A di\u00e1koknak kellemes kikapcsol\u00f3d\u00e1s, de j\u00f3 munkalehet\u0151s\u00e9g is, a v\u00e1llalkoz\u00f3knak pedig j\u00f3 megjelen\u00e9si lehet\u0151s\u00e9g a rendezv\u00e9nyeken. Az Ipar Napjai &hellip; <\/p>\n<p><a href=\"http:\/\/www.x-party.hu\/yk\/diakvallforum\/?p=1645\" class=\"btn btn-readmore\">Read More <span class=\"screen-reader-text\"> &#8222;Maj\u00e1lis + Ipar Napjai&#8221;<\/span><\/a><\/p>\n","protected":false},"author":1,"featured_media":0,"comment_status":"closed","ping_status":"open","sticky":false,"template":"","format":"standard","meta":[],"categories":[1],"tags":[],"_links":{"self":[{"href":"http:\/\/www.x-party.hu\/yk\/diakvallforum\/index.php?rest_route=\/wp\/v2\/posts\/1645"}],"collection":[{"href":"http:\/\/www.x-party.hu\/yk\/diakvallforum\/index.php?rest_route=\/wp\/v2\/posts"}],"about":[{"href":"http:\/\/www.x-party.hu\/yk\/diakvallforum\/index.php?rest_route=\/wp\/v2\/types\/post"}],"author":[{"embeddable":true,"href":"http:\/\/www.x-party.hu\/yk\/diakvallforum\/index.php?rest_route=\/wp\/v2\/users\/1"}],"replies":[{"embeddable":true,"href":"http:\/\/www.x-party.hu\/yk\/diakvallforum\/index.php?rest_route=%2Fwp%2Fv2%2Fcomments&post=1645"}],"version-history":[{"count":1,"href":"http:\/\/www.x-party.hu\/yk\/diakvallforum\/index.php?rest_route=\/wp\/v2\/posts\/1645\/revisions"}],"predecessor-version":[{"id":1646,"href":"http:\/\/www.x-party.hu\/yk\/diakvallforum\/index.php?rest_route=\/wp\/v2\/posts\/1645\/revisions\/1646"}],"wp:attachment":[{"href":"http:\/\/www.x-party.hu\/yk\/diakvallforum\/index.php?rest_route=%2Fwp%2Fv2%2Fmedia&parent=1645"}],"wp:term":[{"taxonomy":"category","embeddable":true,"href":"http:\/\/www.x-party.hu\/yk\/diakvallforum\/index.php?rest_route=%2Fwp%2Fv2%2Fcategories&post=1645"},{"taxonomy":"post_tag","embeddable":true,"href":"http:\/\/www.x-party.hu\/yk\/diakvallforum\/index.php?rest_route=%2Fwp%2Fv2%2Ftags&post=1645"}],"curies":[{"name":"wp","href":"https:\/\/api.w.org\/{rel}","templated":true}]}}