{"id":1535,"date":"2016-11-08T15:51:42","date_gmt":"2016-11-08T15:51:42","guid":{"rendered":"http:\/\/www.x-party.hu\/yk\/diakvallforum\/?p=1535"},"modified":"2016-11-08T15:51:42","modified_gmt":"2016-11-08T15:51:42","slug":"magyar-orosz-vallalkozoi-konferencia","status":"publish","type":"post","link":"http:\/\/www.x-party.hu\/yk\/diakvallforum\/?p=1535","title":{"rendered":"Magyar &#8211; Orosz V\u00e1llalkoz\u00f3i Konferencia"},"content":{"rendered":"<p><strong><a href=\"http:\/\/www.vallalkozokklubja.hu\/hu\/kezdolap.php\">VIII. Magyar \u2013 Orosz Nemzetk\u00f6zi Gazdas\u00e1gi F\u00f3rum \u00e9s \u00dczletember Tal\u00e1lkoz\u00f3<\/a>\u00a0<\/strong><\/p>\n<ol start=\"2016\">\n<li><strong> november 23-24.<\/strong><\/li>\n<\/ol>\n<p>Hagyom\u00e1nyosan nagyon j\u00f3 kapcsolatokat \u00e1polunk az orosz v\u00e1llalkoz\u00f3kkal, \u00fczletemberekkel. Az els\u0151 F\u00f3rumra m\u00e9g 1990-ben ker\u00fclt sor a Szovjet Kult\u00fara \u00e9s Tudom\u00e1ny H\u00e1z\u00e1ban.<\/p>\n<p>Ezen a f\u00f3rumon id\u00e9n 30 \u00fczletember, fels\u0151 vezet\u0151, v\u00e1llalkoz\u00f3, tud\u00f3s jelenik meg, \u00e9s a magyar r\u00e9sztvev\u0151k sz\u00e1ma el\u00e9ri a sz\u00e1zat.<\/p>\n<p>A l\u00e9nyeg a j\u00f3, hat\u00e9kony egy\u00fcttm\u0171k\u00f6d\u00e9s kialak\u00edt\u00e1sa, fejleszt\u00e9se, mind a k\u00e9t orsz\u00e1g, mind a hazai v\u00e1llalkoz\u00f3k k\u00f6z\u00f6tt.<\/p>\n<p>A V\u00e1llalkoz\u00f3k Klubja Egyes\u00fclet \u2013 eln\u00f6k Ujhelyi S\u00e1ndor \u2013 f\u0151szervez\u00e9s\u00e9ben imm\u00e1r nyolcadik alkalommal jelentkezik a F\u00f3rum. A F\u00f3rum F\u0151v\u00e9dn\u00f6ke a magyar K\u00fclgazdas\u00e1gi \u00e9s K\u00fcl\u00fcgyminiszt\u00e9rium K\u00e9pviseli: Szab\u00f3 L\u00e1szl\u00f3 Miniszterhelyettes<\/p>\n","protected":false},"excerpt":{"rendered":"<p>VIII. Magyar \u2013 Orosz Nemzetk\u00f6zi Gazdas\u00e1gi F\u00f3rum \u00e9s \u00dczletember Tal\u00e1lkoz\u00f3\u00a0 november 23-24. Hagyom\u00e1nyosan nagyon j\u00f3 kapcsolatokat \u00e1polunk az orosz v\u00e1llalkoz\u00f3kkal, \u00fczletemberekkel. Az els\u0151 F\u00f3rumra m\u00e9g 1990-ben ker\u00fclt sor a Szovjet &hellip; <\/p>\n<p><a href=\"http:\/\/www.x-party.hu\/yk\/diakvallforum\/?p=1535\" class=\"btn btn-readmore\">Read More <span class=\"screen-reader-text\"> &#8222;Magyar &#8211; Orosz V\u00e1llalkoz\u00f3i Konferencia&#8221;<\/span><\/a><\/p>\n","protected":false},"author":1,"featured_media":0,"comment_status":"closed","ping_status":"open","sticky":false,"template":"","format":"standard","meta":[],"categories":[1],"tags":[],"_links":{"self":[{"href":"http:\/\/www.x-party.hu\/yk\/diakvallforum\/index.php?rest_route=\/wp\/v2\/posts\/1535"}],"collection":[{"href":"http:\/\/www.x-party.hu\/yk\/diakvallforum\/index.php?rest_route=\/wp\/v2\/posts"}],"about":[{"href":"http:\/\/www.x-party.hu\/yk\/diakvallforum\/index.php?rest_route=\/wp\/v2\/types\/post"}],"author":[{"embeddable":true,"href":"http:\/\/www.x-party.hu\/yk\/diakvallforum\/index.php?rest_route=\/wp\/v2\/users\/1"}],"replies":[{"embeddable":true,"href":"http:\/\/www.x-party.hu\/yk\/diakvallforum\/index.php?rest_route=%2Fwp%2Fv2%2Fcomments&post=1535"}],"version-history":[{"count":1,"href":"http:\/\/www.x-party.hu\/yk\/diakvallforum\/index.php?rest_route=\/wp\/v2\/posts\/1535\/revisions"}],"predecessor-version":[{"id":1536,"href":"http:\/\/www.x-party.hu\/yk\/diakvallforum\/index.php?rest_route=\/wp\/v2\/posts\/1535\/revisions\/1536"}],"wp:attachment":[{"href":"http:\/\/www.x-party.hu\/yk\/diakvallforum\/index.php?rest_route=%2Fwp%2Fv2%2Fmedia&parent=1535"}],"wp:term":[{"taxonomy":"category","embeddable":true,"href":"http:\/\/www.x-party.hu\/yk\/diakvallforum\/index.php?rest_route=%2Fwp%2Fv2%2Fcategories&post=1535"},{"taxonomy":"post_tag","embeddable":true,"href":"http:\/\/www.x-party.hu\/yk\/diakvallforum\/index.php?rest_route=%2Fwp%2Fv2%2Ftags&post=1535"}],"curies":[{"name":"wp","href":"https:\/\/api.w.org\/{rel}","templated":true}]}}