{"id":1295,"date":"2016-03-15T12:06:49","date_gmt":"2016-03-15T12:06:49","guid":{"rendered":"http:\/\/www.x-party.hu\/yk\/diakvallforum\/?p=1295"},"modified":"2016-03-15T12:07:53","modified_gmt":"2016-03-15T12:07:53","slug":"marciusi-ifjak","status":"publish","type":"post","link":"http:\/\/www.x-party.hu\/yk\/diakvallforum\/?p=1295","title":{"rendered":"M\u00e1rciusi ifjak"},"content":{"rendered":"<p>Az 1848-as Magyar Polg\u00e1ri Forradalom \u00e9s Szabads\u00e1gharc l\u00e9nyeges v\u00e1ltoztat\u00e1st, fejl\u0151d\u00e9st tudott okozni. A magyar t\u00e1rsadalom szervezetts\u00e9ge \u00e9s intelligenci\u00e1ja megn\u0151tt.<\/p>\n<p>Kossuth, Sz\u00e9chenyi, Pet\u0151fi \u00e9s t\u00e1rsaik megmutatt\u00e1k a vil\u00e1gnak, hogy igenis lehet egys\u00e9gben gondolkodva egy nemzet \u00e9let\u00e9t feljav\u00edtani. Led\u00f6nt\u00f6tt\u00e9k a diktat\u00f3rikus cs\u00e1sz\u00e1rs\u00e1gi rendszert, hasonl\u00f3n az 1919-es Magyar Tan\u00e1csk\u00f6zt\u00e1rsas\u00e1ghoz egy magasabb fejletts\u00e9gi szintre emelt\u00e9k nemzet\u00fcnket. A v\u00e1llalkoz\u00f3knak, a di\u00e1koknak ekkor volt k\u00fcl\u00f6n\u00f6sen nagy szerep\u00fck a magyar t\u00f6rt\u00e9nelemben.<\/p>\n<p>\u00d6r\u00f6k dics\u0151s\u00e9g a h\u0151s\u00f6knek, a nagy vez\u00e9reknek \u00e9s k\u00f6vet\u0151iknek!<\/p>\n<p><img decoding=\"async\" loading=\"lazy\" class=\"aligncenter size-full wp-image-1296\" src=\"http:\/\/www.x-party.hu\/yk\/diakvallforum\/wp-content\/uploads\/2016\/03\/marcius15.jpg\" alt=\"marcius15\" width=\"945\" height=\"189\" srcset=\"http:\/\/www.x-party.hu\/yk\/diakvallforum\/wp-content\/uploads\/2016\/03\/marcius15.jpg 945w, http:\/\/www.x-party.hu\/yk\/diakvallforum\/wp-content\/uploads\/2016\/03\/marcius15-300x60.jpg 300w, http:\/\/www.x-party.hu\/yk\/diakvallforum\/wp-content\/uploads\/2016\/03\/marcius15-768x154.jpg 768w\" sizes=\"(max-width: 945px) 100vw, 945px\" \/><\/p>\n","protected":false},"excerpt":{"rendered":"<p>Az 1848-as Magyar Polg\u00e1ri Forradalom \u00e9s Szabads\u00e1gharc l\u00e9nyeges v\u00e1ltoztat\u00e1st, fejl\u0151d\u00e9st tudott okozni. A magyar t\u00e1rsadalom szervezetts\u00e9ge \u00e9s intelligenci\u00e1ja megn\u0151tt. Kossuth, Sz\u00e9chenyi, Pet\u0151fi \u00e9s t\u00e1rsaik megmutatt\u00e1k a vil\u00e1gnak, hogy igenis lehet &hellip; <\/p>\n<p><a href=\"http:\/\/www.x-party.hu\/yk\/diakvallforum\/?p=1295\" class=\"btn btn-readmore\">Read More <span class=\"screen-reader-text\"> &#8222;M\u00e1rciusi ifjak&#8221;<\/span><\/a><\/p>\n","protected":false},"author":1,"featured_media":0,"comment_status":"closed","ping_status":"open","sticky":false,"template":"","format":"standard","meta":[],"categories":[1],"tags":[],"_links":{"self":[{"href":"http:\/\/www.x-party.hu\/yk\/diakvallforum\/index.php?rest_route=\/wp\/v2\/posts\/1295"}],"collection":[{"href":"http:\/\/www.x-party.hu\/yk\/diakvallforum\/index.php?rest_route=\/wp\/v2\/posts"}],"about":[{"href":"http:\/\/www.x-party.hu\/yk\/diakvallforum\/index.php?rest_route=\/wp\/v2\/types\/post"}],"author":[{"embeddable":true,"href":"http:\/\/www.x-party.hu\/yk\/diakvallforum\/index.php?rest_route=\/wp\/v2\/users\/1"}],"replies":[{"embeddable":true,"href":"http:\/\/www.x-party.hu\/yk\/diakvallforum\/index.php?rest_route=%2Fwp%2Fv2%2Fcomments&post=1295"}],"version-history":[{"count":2,"href":"http:\/\/www.x-party.hu\/yk\/diakvallforum\/index.php?rest_route=\/wp\/v2\/posts\/1295\/revisions"}],"predecessor-version":[{"id":1298,"href":"http:\/\/www.x-party.hu\/yk\/diakvallforum\/index.php?rest_route=\/wp\/v2\/posts\/1295\/revisions\/1298"}],"wp:attachment":[{"href":"http:\/\/www.x-party.hu\/yk\/diakvallforum\/index.php?rest_route=%2Fwp%2Fv2%2Fmedia&parent=1295"}],"wp:term":[{"taxonomy":"category","embeddable":true,"href":"http:\/\/www.x-party.hu\/yk\/diakvallforum\/index.php?rest_route=%2Fwp%2Fv2%2Fcategories&post=1295"},{"taxonomy":"post_tag","embeddable":true,"href":"http:\/\/www.x-party.hu\/yk\/diakvallforum\/index.php?rest_route=%2Fwp%2Fv2%2Ftags&post=1295"}],"curies":[{"name":"wp","href":"https:\/\/api.w.org\/{rel}","templated":true}]}}