{"id":12,"date":"2011-03-12T19:31:38","date_gmt":"2011-03-12T19:31:38","guid":{"rendered":"http:\/\/www.x-party.hu\/yk\/diakvallforum\/?p=12"},"modified":"2018-04-13T07:21:01","modified_gmt":"2018-04-13T07:21:01","slug":"a-konstruktiv-egyuttmukodes-jegyeben","status":"publish","type":"post","link":"http:\/\/www.x-party.hu\/yk\/diakvallforum\/?p=12","title":{"rendered":"A konstrukt\u00edv egy\u00fcttm\u0171k\u00f6d\u00e9s jegy\u00e9ben"},"content":{"rendered":"<p><a href=\"http:\/\/www.x-party.hu\/yk\/diakvallforum\/wp-content\/uploads\/2011\/03\/IMG_0313.jpg\"><img decoding=\"async\" loading=\"lazy\" class=\"aligncenter size-medium wp-image-350\" title=\"IMG_0313\" src=\"http:\/\/www.x-party.hu\/yk\/diakvallforum\/wp-content\/uploads\/2011\/03\/IMG_0313-300x225.jpg\" alt=\"\" width=\"300\" height=\"225\" srcset=\"http:\/\/www.x-party.hu\/yk\/diakvallforum\/wp-content\/uploads\/2011\/03\/IMG_0313-300x225.jpg 300w, http:\/\/www.x-party.hu\/yk\/diakvallforum\/wp-content\/uploads\/2011\/03\/IMG_0313-1024x768.jpg 1024w\" sizes=\"(max-width: 300px) 100vw, 300px\" \/><\/a>tal\u00e1lkozik egym\u00e1ssal a fels\u0151oktat\u00e1s \u00e9s a v\u00e1llalkoz\u00f3i szf\u00e9ra. Az alkot\u00e1s, a k\u00f6z\u00f6ss\u00e9g \u00e9s az eg\u00e9szs\u00e9g kiemelt fontoss\u00e1ggal b\u00edr, mind a k\u00e9t f\u00e9l sz\u00e1m\u00e1ra.<\/p>\n<p><strong>A F\u00f3rum hagyom\u00e1nyteremt\u0151 jelleggel el\u0151sz\u00f6r a Magyar Vil\u00e1gtal\u00e1lkoz\u00f3n ker\u00fcl megrendez\u00e9sre, 2011. j\u00falius 3-\u00e1n, Balatonlell\u00e9n.<\/strong><\/p>\n","protected":false},"excerpt":{"rendered":"<p>tal\u00e1lkozik egym\u00e1ssal a fels\u0151oktat\u00e1s \u00e9s a v\u00e1llalkoz\u00f3i szf\u00e9ra. Az alkot\u00e1s, a k\u00f6z\u00f6ss\u00e9g \u00e9s az eg\u00e9szs\u00e9g kiemelt fontoss\u00e1ggal b\u00edr, mind a k\u00e9t f\u00e9l sz\u00e1m\u00e1ra. A F\u00f3rum hagyom\u00e1nyteremt\u0151 jelleggel el\u0151sz\u00f6r a Magyar &hellip; <\/p>\n<p><a href=\"http:\/\/www.x-party.hu\/yk\/diakvallforum\/?p=12\" class=\"btn btn-readmore\">Read More <span class=\"screen-reader-text\"> &#8222;A konstrukt\u00edv egy\u00fcttm\u0171k\u00f6d\u00e9s jegy\u00e9ben&#8221;<\/span><\/a><\/p>\n","protected":false},"author":1,"featured_media":0,"comment_status":"open","ping_status":"open","sticky":false,"template":"","format":"standard","meta":[],"categories":[1],"tags":[],"_links":{"self":[{"href":"http:\/\/www.x-party.hu\/yk\/diakvallforum\/index.php?rest_route=\/wp\/v2\/posts\/12"}],"collection":[{"href":"http:\/\/www.x-party.hu\/yk\/diakvallforum\/index.php?rest_route=\/wp\/v2\/posts"}],"about":[{"href":"http:\/\/www.x-party.hu\/yk\/diakvallforum\/index.php?rest_route=\/wp\/v2\/types\/post"}],"author":[{"embeddable":true,"href":"http:\/\/www.x-party.hu\/yk\/diakvallforum\/index.php?rest_route=\/wp\/v2\/users\/1"}],"replies":[{"embeddable":true,"href":"http:\/\/www.x-party.hu\/yk\/diakvallforum\/index.php?rest_route=%2Fwp%2Fv2%2Fcomments&post=12"}],"version-history":[{"count":12,"href":"http:\/\/www.x-party.hu\/yk\/diakvallforum\/index.php?rest_route=\/wp\/v2\/posts\/12\/revisions"}],"predecessor-version":[{"id":1926,"href":"http:\/\/www.x-party.hu\/yk\/diakvallforum\/index.php?rest_route=\/wp\/v2\/posts\/12\/revisions\/1926"}],"wp:attachment":[{"href":"http:\/\/www.x-party.hu\/yk\/diakvallforum\/index.php?rest_route=%2Fwp%2Fv2%2Fmedia&parent=12"}],"wp:term":[{"taxonomy":"category","embeddable":true,"href":"http:\/\/www.x-party.hu\/yk\/diakvallforum\/index.php?rest_route=%2Fwp%2Fv2%2Fcategories&post=12"},{"taxonomy":"post_tag","embeddable":true,"href":"http:\/\/www.x-party.hu\/yk\/diakvallforum\/index.php?rest_route=%2Fwp%2Fv2%2Ftags&post=12"}],"curies":[{"name":"wp","href":"https:\/\/api.w.org\/{rel}","templated":true}]}}