{"id":1175,"date":"2015-09-21T20:58:29","date_gmt":"2015-09-21T20:58:29","guid":{"rendered":"http:\/\/www.x-party.hu\/yk\/diakvallforum\/?p=1175"},"modified":"2015-09-21T20:58:29","modified_gmt":"2015-09-21T20:58:29","slug":"szeptemberben-ujra-vallalkozok-klubja","status":"publish","type":"post","link":"http:\/\/www.x-party.hu\/yk\/diakvallforum\/?p=1175","title":{"rendered":"Szeptemberben \u00fajra, V\u00e1llalkoz\u00f3k Klubja!"},"content":{"rendered":"<p><span style=\"text-decoration: underline;\"><strong><a href=\"http:\/\/www.x-party.hu\/yk\/vke\/vke-1.html\" target=\"_blank\">Szeptemberben \u00fajra, V\u00e1llalkoz\u00f3k Klubja- szeptember 28.<\/a><\/strong><\/span><br \/>\nA magyar v\u00e1llalkoz\u00f3i szf\u00e9ra eredete m\u00e9g a nyolcvanas \u00e9vekre, a dics\u0151s\u00e9ges szocializmus id\u0151szak\u00e1ra ny\u00falik vissza.<br \/>\n<a href=\"http:\/\/www.vallalkozokklubja.hu\/hu\/klubestek.php\" target=\"_blank\"><img decoding=\"async\" loading=\"lazy\" class=\"alignleft wp-image-1574\" src=\"http:\/\/www.x-party.hu\/essz\/EPALAP\/epalap-11\/wp-content\/uploads\/2013\/06\/149e3c5895-300x196.jpg\" alt=\"vke\" width=\"200\" height=\"131\" \/><\/a>M\u00e1ra bebizonyosodott, hogy a nemzet\u00fcnk egyik l\u00e9torrs\u00e1sa a v\u00e1llalkoz\u00f3k. A V\u00e1llalkoz\u00f3k Klubj\u00e1nak \u0151si mond\u00e1sa: &#8222;S\u00f6r, virsli \u00e9s feh\u00e9r asztal mellett mindent meg lehet besz\u00e9lni!&#8221;, \u00e9s a konstrukt\u00edv egy\u00fcttm\u0171k\u00f6d\u00e9s a Klub tagjaira igencsak jellemz\u0151. A mostani VKE \u00f6sszej\u00f6vetelen nagyon fontos t\u00e9m\u00e1kr\u00f3l lesz sz\u00f3: &#8222;A Magyar &#8211; Orosz \u00dczleti F\u00f3rum&#8221;, az &#8222;EU-Expo Konferencia &#8211; \u00e9s a Sz\u00e9ps\u00e9g Vil\u00e1gnapja &#8211; X.14-\u00e9n&#8221;, a vezet\u0151s\u00e9g meg\u00fajul\u00e1sa, a partnerek bemutatkoz\u00e1sa. Helysz\u00edn a nagyon sz\u00e9p Th\u00f6k\u00f6ly \u00e9tterem.<\/p>\n<p><a href=\"http:\/\/www.x-party.hu\/yk\/diakvallforum\/wp-content\/uploads\/2015\/09\/vke-2015-09-28.jpg\"><img decoding=\"async\" loading=\"lazy\" class=\"aligncenter size-large wp-image-1176\" src=\"http:\/\/www.x-party.hu\/yk\/diakvallforum\/wp-content\/uploads\/2015\/09\/vke-2015-09-28-1024x683.jpg\" alt=\"vke-2015-09-28\" width=\"630\" height=\"420\" srcset=\"http:\/\/www.x-party.hu\/yk\/diakvallforum\/wp-content\/uploads\/2015\/09\/vke-2015-09-28-1024x683.jpg 1024w, http:\/\/www.x-party.hu\/yk\/diakvallforum\/wp-content\/uploads\/2015\/09\/vke-2015-09-28-300x200.jpg 300w, http:\/\/www.x-party.hu\/yk\/diakvallforum\/wp-content\/uploads\/2015\/09\/vke-2015-09-28.jpg 1134w\" sizes=\"(max-width: 630px) 100vw, 630px\" \/><\/a><\/p>\n","protected":false},"excerpt":{"rendered":"<p>Szeptemberben \u00fajra, V\u00e1llalkoz\u00f3k Klubja- szeptember 28. A magyar v\u00e1llalkoz\u00f3i szf\u00e9ra eredete m\u00e9g a nyolcvanas \u00e9vekre, a dics\u0151s\u00e9ges szocializmus id\u0151szak\u00e1ra ny\u00falik vissza. M\u00e1ra bebizonyosodott, hogy a nemzet\u00fcnk egyik l\u00e9torrs\u00e1sa a v\u00e1llalkoz\u00f3k. &hellip; <\/p>\n<p><a href=\"http:\/\/www.x-party.hu\/yk\/diakvallforum\/?p=1175\" class=\"btn btn-readmore\">Read More <span class=\"screen-reader-text\"> &#8222;Szeptemberben \u00fajra, V\u00e1llalkoz\u00f3k Klubja!&#8221;<\/span><\/a><\/p>\n","protected":false},"author":1,"featured_media":0,"comment_status":"closed","ping_status":"open","sticky":false,"template":"","format":"standard","meta":[],"categories":[1],"tags":[],"_links":{"self":[{"href":"http:\/\/www.x-party.hu\/yk\/diakvallforum\/index.php?rest_route=\/wp\/v2\/posts\/1175"}],"collection":[{"href":"http:\/\/www.x-party.hu\/yk\/diakvallforum\/index.php?rest_route=\/wp\/v2\/posts"}],"about":[{"href":"http:\/\/www.x-party.hu\/yk\/diakvallforum\/index.php?rest_route=\/wp\/v2\/types\/post"}],"author":[{"embeddable":true,"href":"http:\/\/www.x-party.hu\/yk\/diakvallforum\/index.php?rest_route=\/wp\/v2\/users\/1"}],"replies":[{"embeddable":true,"href":"http:\/\/www.x-party.hu\/yk\/diakvallforum\/index.php?rest_route=%2Fwp%2Fv2%2Fcomments&post=1175"}],"version-history":[{"count":1,"href":"http:\/\/www.x-party.hu\/yk\/diakvallforum\/index.php?rest_route=\/wp\/v2\/posts\/1175\/revisions"}],"predecessor-version":[{"id":1177,"href":"http:\/\/www.x-party.hu\/yk\/diakvallforum\/index.php?rest_route=\/wp\/v2\/posts\/1175\/revisions\/1177"}],"wp:attachment":[{"href":"http:\/\/www.x-party.hu\/yk\/diakvallforum\/index.php?rest_route=%2Fwp%2Fv2%2Fmedia&parent=1175"}],"wp:term":[{"taxonomy":"category","embeddable":true,"href":"http:\/\/www.x-party.hu\/yk\/diakvallforum\/index.php?rest_route=%2Fwp%2Fv2%2Fcategories&post=1175"},{"taxonomy":"post_tag","embeddable":true,"href":"http:\/\/www.x-party.hu\/yk\/diakvallforum\/index.php?rest_route=%2Fwp%2Fv2%2Ftags&post=1175"}],"curies":[{"name":"wp","href":"https:\/\/api.w.org\/{rel}","templated":true}]}}