{"id":1115,"date":"2015-05-26T12:58:40","date_gmt":"2015-05-26T12:58:40","guid":{"rendered":"http:\/\/www.x-party.hu\/yk\/diakvallforum\/?p=1115"},"modified":"2015-06-16T19:12:10","modified_gmt":"2015-06-16T19:12:10","slug":"ismet-a-vilagtalalkozon","status":"publish","type":"post","link":"http:\/\/www.x-party.hu\/yk\/diakvallforum\/?p=1115","title":{"rendered":"Tal\u00e1lkozzunk ism\u00e9t a Vil\u00e1gtal\u00e1lkoz\u00f3n!"},"content":{"rendered":"<p>A Di\u00e1kok \u00e9s V\u00e1llalkoz\u00f3k F\u00f3rum\u00e1nak premierje 2011. j\u00falius 3-\u00e1n, Balatonlell\u00e9n, a Magyar Vil\u00e1gtal\u00e1lkoz\u00f3n volt.<\/p>\n<p>Ekkor a F\u00f3rumunkat \u00fagy szervezt\u00fck meg, hogy a h\u00e1zigazd\u00e1k, a megjelent ki\u00e1ll\u00edt\u00f3k, v\u00e1llalkoz\u00f3k \u00e9s a di\u00e1kok egy asztalhoz \u00fcltek. megbesz\u00e9lt\u00fck, hogyan lehet m\u00e9g jobb a k\u00f6vetkez\u0151 Vil\u00e1gtal\u00e1lkoz\u00f3, \u00e9s m\u00e1s programok szervez\u00e9s\u00e9t is kidolgoztuk. Ezt a sziszt\u00e9m\u00e1t alkalmaztuk t\u00f6bbek k\u00f6z\u00f6tt a Hungexp\u00f3n, a Budapesti Nemzetk\u00f6zi V\u00e1s\u00e1ron, a Gyulai P\u00e1linkafesztiv\u00e1lon, a H\u00fasv\u00e9ti B\u00e1r\u00e1nyfesztiv\u00e1lon, \u00e9s m\u00e9g sok helyen, esem\u00e9nyen.<\/p>\n<p>A k\u00f6vetkez\u0151 Di\u00e1kok \u00e9s V\u00e1llalkoz\u00f3k F\u00f3rum\u00e1t ism\u00e9t a Magyar Vil\u00e1gtal\u00e1lkoz\u00f3 Vil\u00e1gfaluj\u00e1ban szervezz\u00fck meg, a SYMA csarnokban. Kombin\u00e1ljuk az Eur\u00f3pai Fiatalok Sz\u00f6vets\u00e9ge Aktivista klubj\u00e1val, a Partner-partival \u00e9s az Orsz\u00e1gos Edzetts\u00e9gi Tesztnappal is.<\/p>\n<p>A F\u00f3rumunkon kiemelten fontos t\u00e9ma lesz az EU-EXPO, melyet klubszer\u0171en szervez\u00fcnk.<\/p>\n<p>Az EU-s kapcsolataink fejleszt\u00e9se most a \u00a0f\u00f3kuszpontba ker\u00fcl. Rendezv\u00e9nyekre specializ\u00e1ltan h\u00edvjuk meg az EU-s v\u00e1llalkoz\u00f3kat, sz\u00e9ps\u00e9geket, di\u00e1kokat, \u00fajs\u00e1g\u00edr\u00f3kat.<\/p>\n<p><strong>Megfogalmazzuk a &#8222;Magyar Vil\u00e1gtal\u00e1lkoz\u00f3 \u00fczenet\u00e9t a nagyvil\u00e1gnak&#8221; \u00e9s lek\u00e9pezz\u00fck ez \u00c9lm\u00e9ny Hangulat\u00e1t dallamban \u00e9s rajzban is.<\/strong><\/p>\n<p style=\"text-align: center;\"><strong>&#8222;Ha \u00f6sszefogunk, nagyok lesz\u00fcnk a Nagyvil\u00e1gban!&#8221;<\/strong><\/p>\n","protected":false},"excerpt":{"rendered":"<p>A Di\u00e1kok \u00e9s V\u00e1llalkoz\u00f3k F\u00f3rum\u00e1nak premierje 2011. j\u00falius 3-\u00e1n, Balatonlell\u00e9n, a Magyar Vil\u00e1gtal\u00e1lkoz\u00f3n volt. Ekkor a F\u00f3rumunkat \u00fagy szervezt\u00fck meg, hogy a h\u00e1zigazd\u00e1k, a megjelent ki\u00e1ll\u00edt\u00f3k, v\u00e1llalkoz\u00f3k \u00e9s a di\u00e1kok &hellip; <\/p>\n<p><a href=\"http:\/\/www.x-party.hu\/yk\/diakvallforum\/?p=1115\" class=\"btn btn-readmore\">Read More <span class=\"screen-reader-text\"> &#8222;Tal\u00e1lkozzunk ism\u00e9t a Vil\u00e1gtal\u00e1lkoz\u00f3n!&#8221;<\/span><\/a><\/p>\n","protected":false},"author":1,"featured_media":0,"comment_status":"closed","ping_status":"open","sticky":false,"template":"","format":"standard","meta":[],"categories":[1],"tags":[],"_links":{"self":[{"href":"http:\/\/www.x-party.hu\/yk\/diakvallforum\/index.php?rest_route=\/wp\/v2\/posts\/1115"}],"collection":[{"href":"http:\/\/www.x-party.hu\/yk\/diakvallforum\/index.php?rest_route=\/wp\/v2\/posts"}],"about":[{"href":"http:\/\/www.x-party.hu\/yk\/diakvallforum\/index.php?rest_route=\/wp\/v2\/types\/post"}],"author":[{"embeddable":true,"href":"http:\/\/www.x-party.hu\/yk\/diakvallforum\/index.php?rest_route=\/wp\/v2\/users\/1"}],"replies":[{"embeddable":true,"href":"http:\/\/www.x-party.hu\/yk\/diakvallforum\/index.php?rest_route=%2Fwp%2Fv2%2Fcomments&post=1115"}],"version-history":[{"count":5,"href":"http:\/\/www.x-party.hu\/yk\/diakvallforum\/index.php?rest_route=\/wp\/v2\/posts\/1115\/revisions"}],"predecessor-version":[{"id":1137,"href":"http:\/\/www.x-party.hu\/yk\/diakvallforum\/index.php?rest_route=\/wp\/v2\/posts\/1115\/revisions\/1137"}],"wp:attachment":[{"href":"http:\/\/www.x-party.hu\/yk\/diakvallforum\/index.php?rest_route=%2Fwp%2Fv2%2Fmedia&parent=1115"}],"wp:term":[{"taxonomy":"category","embeddable":true,"href":"http:\/\/www.x-party.hu\/yk\/diakvallforum\/index.php?rest_route=%2Fwp%2Fv2%2Fcategories&post=1115"},{"taxonomy":"post_tag","embeddable":true,"href":"http:\/\/www.x-party.hu\/yk\/diakvallforum\/index.php?rest_route=%2Fwp%2Fv2%2Ftags&post=1115"}],"curies":[{"name":"wp","href":"https:\/\/api.w.org\/{rel}","templated":true}]}}