{"id":1056,"date":"2015-01-27T13:27:51","date_gmt":"2015-01-27T13:27:51","guid":{"rendered":"http:\/\/www.x-party.hu\/yk\/diakvallforum\/?p=1056"},"modified":"2015-02-02T08:49:41","modified_gmt":"2015-02-02T08:49:41","slug":"fontos-temank-az-europai-unio","status":"publish","type":"post","link":"http:\/\/www.x-party.hu\/yk\/diakvallforum\/?p=1056","title":{"rendered":"Fontos t\u00e9m\u00e1nk az Eur\u00f3pai Uni\u00f3"},"content":{"rendered":"<p>2015-ben m\u00e1r re\u00e1lisan expand\u00e1lhatunk az EU-ban, v\u00e1llalkoz\u00e1sok, rendezv\u00e9nyek, t\u00e1borok, gy\u00f3gyturizmus, m\u0171v\u00e9szt, tudom\u00e1ny, sz\u00f3rakoz\u00e1s &#8211; az \u00e9let sava-borsa, mindenkit egyar\u00e1nt \u00e9rint, \u00e9rdekel.<\/p>\n<p>K\u00fcl\u00f6n funkci\u00f3csoportot szervez\u00fcnk az EU-s kapcsolataink szervez\u00e9s\u00e9re. Rendezv\u00e9nyeken pedig rekl\u00e1mozzuk a lehet\u0151s\u00e9geket, \u00e9s megh\u00edvjuk azokat a k\u00fclf\u00f6ldi partnereket, melyekre lehet sz\u00e1m\u00edtani, lehet vel\u00fck egy\u00fcttm\u0171k\u00f6dni.<\/p>\n<p>A rendezv\u00e9ny- \u00e9s eg\u00e9szs\u00e9gturizmus szinte adja mag\u00e1t. Sokan \u00e9rdekeltek e t\u00e9m\u00e1kban.<\/p>\n<p>A di\u00e1koknak az infokommunik\u00e1ci\u00f3ban \u00e9s a koordin\u00e1ci\u00f3ban lesz nagy szerep\u00fck.<\/p>\n<p>A v\u00e1llalkoz\u00f3k adj\u00e1k a funkcion\u00e1lis alapot, a realiz\u00e1l\u00e1st, a kivitelez\u00e9st.<\/p>\n<p>A k\u00f6vetkez\u0151 nagy tan\u00e1cskoz\u00e1sunkon, 2015. febru\u00e1r 13-\u00e1n, az Eur\u00f3pai Rekre\u00e1ci\u00f3s K\u00f6zpontok \u00e9s T\u00e1borok, valamint a Rendezv\u00e9nyturizmus \u00e9s a Kommunizmus Konferencia lesznek a f\u0151 t\u00e9m\u00e1ink.<\/p>\n<p style=\"text-align: center;\"><strong>Jelentkezni lehet febru\u00e1r 11-ig az efisz@x-party.hu c\u00edmre \u00edrt lev\u00e9lben!<\/strong><\/p>\n","protected":false},"excerpt":{"rendered":"<p>2015-ben m\u00e1r re\u00e1lisan expand\u00e1lhatunk az EU-ban, v\u00e1llalkoz\u00e1sok, rendezv\u00e9nyek, t\u00e1borok, gy\u00f3gyturizmus, m\u0171v\u00e9szt, tudom\u00e1ny, sz\u00f3rakoz\u00e1s &#8211; az \u00e9let sava-borsa, mindenkit egyar\u00e1nt \u00e9rint, \u00e9rdekel. K\u00fcl\u00f6n funkci\u00f3csoportot szervez\u00fcnk az EU-s kapcsolataink szervez\u00e9s\u00e9re. Rendezv\u00e9nyeken pedig &hellip; <\/p>\n<p><a href=\"http:\/\/www.x-party.hu\/yk\/diakvallforum\/?p=1056\" class=\"btn btn-readmore\">Read More <span class=\"screen-reader-text\"> &#8222;Fontos t\u00e9m\u00e1nk az Eur\u00f3pai Uni\u00f3&#8221;<\/span><\/a><\/p>\n","protected":false},"author":1,"featured_media":0,"comment_status":"closed","ping_status":"open","sticky":false,"template":"","format":"standard","meta":[],"categories":[1],"tags":[],"_links":{"self":[{"href":"http:\/\/www.x-party.hu\/yk\/diakvallforum\/index.php?rest_route=\/wp\/v2\/posts\/1056"}],"collection":[{"href":"http:\/\/www.x-party.hu\/yk\/diakvallforum\/index.php?rest_route=\/wp\/v2\/posts"}],"about":[{"href":"http:\/\/www.x-party.hu\/yk\/diakvallforum\/index.php?rest_route=\/wp\/v2\/types\/post"}],"author":[{"embeddable":true,"href":"http:\/\/www.x-party.hu\/yk\/diakvallforum\/index.php?rest_route=\/wp\/v2\/users\/1"}],"replies":[{"embeddable":true,"href":"http:\/\/www.x-party.hu\/yk\/diakvallforum\/index.php?rest_route=%2Fwp%2Fv2%2Fcomments&post=1056"}],"version-history":[{"count":3,"href":"http:\/\/www.x-party.hu\/yk\/diakvallforum\/index.php?rest_route=\/wp\/v2\/posts\/1056\/revisions"}],"predecessor-version":[{"id":1063,"href":"http:\/\/www.x-party.hu\/yk\/diakvallforum\/index.php?rest_route=\/wp\/v2\/posts\/1056\/revisions\/1063"}],"wp:attachment":[{"href":"http:\/\/www.x-party.hu\/yk\/diakvallforum\/index.php?rest_route=%2Fwp%2Fv2%2Fmedia&parent=1056"}],"wp:term":[{"taxonomy":"category","embeddable":true,"href":"http:\/\/www.x-party.hu\/yk\/diakvallforum\/index.php?rest_route=%2Fwp%2Fv2%2Fcategories&post=1056"},{"taxonomy":"post_tag","embeddable":true,"href":"http:\/\/www.x-party.hu\/yk\/diakvallforum\/index.php?rest_route=%2Fwp%2Fv2%2Ftags&post=1056"}],"curies":[{"name":"wp","href":"https:\/\/api.w.org\/{rel}","templated":true}]}}