{"id":1037,"date":"2014-11-17T11:42:22","date_gmt":"2014-11-17T11:42:22","guid":{"rendered":"http:\/\/www.x-party.hu\/yk\/diakvallforum\/?p=1037"},"modified":"2014-11-17T11:44:25","modified_gmt":"2014-11-17T11:44:25","slug":"fiatal-vallalkozok-hete","status":"publish","type":"post","link":"http:\/\/www.x-party.hu\/yk\/diakvallforum\/?p=1037","title":{"rendered":"Fiatal V\u00e1llalkoz\u00f3k Hete"},"content":{"rendered":"<p><a href=\"http:\/\/fiatalvallalkozokhete.hu\/articlegroup\/27\/\" target=\"_blank\"><span style=\"text-decoration: underline;\"><strong>Fiatal V\u00e1llalkoz\u00f3k Hete &#8211; november 17-21.<\/strong><\/span><\/a><br \/>\nA FIVOSZ szervez\u00e9s\u00e9ben nagyon \u00f6tletes, kreat\u00edv h\u00e9t hirdeti, hogy Magyarorsz\u00e1gon \u00e9rdemes v\u00e1llalkoz\u00f3nak lenni. A fiatalok egyre nagyobb h\u00e1nyada ismeri fel, hogy a szabad kezdem\u00e9nyez\u00e9sek \u00e9s t\u00e1rsul\u00e1sok rendszer\u00e9t (k\u00f6zt\u00e1rsas\u00e1gi demokr\u00e1ci\u00e1t) kell \u00e9p\u00edten\u00fcnk annak \u00e9rdek\u00e9ben, hogy egyre jobban \u00e9lj\u00fcnk. A start up, a show business, a life stile, a mentor np, a nemzetk\u00f6zis\u00e9g \u00e9s m\u00e9g sok modul alkotja a rendezv\u00e9nysorozatot. K\u00f6zpont Budapesten a M\u00fazeum utca 17-ben, de vid\u00e9ken is t\u00f6bb helyen. Konstrukt\u00edvan, egy\u00fcttm\u0171k\u00f6dve!<\/p>\n<p>Imm\u00e1ron hatodik \u00e9ve rendezi meg a Fiatal V\u00e1llalkoz\u00f3k Orsz\u00e1gos Sz\u00f6vets\u00e9ge a Fiatal V\u00e1llalkoz\u00f3k Het\u00e9t, a Global Entrepreneurship Week vil\u00e1gmozgalom keretein bel\u00fcl. Az orsz\u00e1gos rendezv\u00e9nysorozat\u00a0<strong>november 17-\u00e1n indul \u00e9s november 21-ig tart<\/strong>. C\u00e9lja, hogy hidat \u00e9p\u00edtsen a v\u00e1llalkoz\u00f3k \u00e9s a v\u00e1llalkoz\u00e1s ir\u00e1nt \u00e9rdekl\u0151d\u0151 fiatalok k\u00f6z\u00f6tt, ez\u00e1ltal biztos\u00edtva Magyarorsz\u00e1g gazdas\u00e1gi ut\u00e1np\u00f3tl\u00e1s\u00e1t.<\/p>\n","protected":false},"excerpt":{"rendered":"<p>Fiatal V\u00e1llalkoz\u00f3k Hete &#8211; november 17-21. A FIVOSZ szervez\u00e9s\u00e9ben nagyon \u00f6tletes, kreat\u00edv h\u00e9t hirdeti, hogy Magyarorsz\u00e1gon \u00e9rdemes v\u00e1llalkoz\u00f3nak lenni. A fiatalok egyre nagyobb h\u00e1nyada ismeri fel, hogy a szabad kezdem\u00e9nyez\u00e9sek &hellip; <\/p>\n<p><a href=\"http:\/\/www.x-party.hu\/yk\/diakvallforum\/?p=1037\" class=\"btn btn-readmore\">Read More <span class=\"screen-reader-text\"> &#8222;Fiatal V\u00e1llalkoz\u00f3k Hete&#8221;<\/span><\/a><\/p>\n","protected":false},"author":1,"featured_media":0,"comment_status":"closed","ping_status":"open","sticky":false,"template":"","format":"standard","meta":[],"categories":[1],"tags":[],"_links":{"self":[{"href":"http:\/\/www.x-party.hu\/yk\/diakvallforum\/index.php?rest_route=\/wp\/v2\/posts\/1037"}],"collection":[{"href":"http:\/\/www.x-party.hu\/yk\/diakvallforum\/index.php?rest_route=\/wp\/v2\/posts"}],"about":[{"href":"http:\/\/www.x-party.hu\/yk\/diakvallforum\/index.php?rest_route=\/wp\/v2\/types\/post"}],"author":[{"embeddable":true,"href":"http:\/\/www.x-party.hu\/yk\/diakvallforum\/index.php?rest_route=\/wp\/v2\/users\/1"}],"replies":[{"embeddable":true,"href":"http:\/\/www.x-party.hu\/yk\/diakvallforum\/index.php?rest_route=%2Fwp%2Fv2%2Fcomments&post=1037"}],"version-history":[{"count":2,"href":"http:\/\/www.x-party.hu\/yk\/diakvallforum\/index.php?rest_route=\/wp\/v2\/posts\/1037\/revisions"}],"predecessor-version":[{"id":1039,"href":"http:\/\/www.x-party.hu\/yk\/diakvallforum\/index.php?rest_route=\/wp\/v2\/posts\/1037\/revisions\/1039"}],"wp:attachment":[{"href":"http:\/\/www.x-party.hu\/yk\/diakvallforum\/index.php?rest_route=%2Fwp%2Fv2%2Fmedia&parent=1037"}],"wp:term":[{"taxonomy":"category","embeddable":true,"href":"http:\/\/www.x-party.hu\/yk\/diakvallforum\/index.php?rest_route=%2Fwp%2Fv2%2Fcategories&post=1037"},{"taxonomy":"post_tag","embeddable":true,"href":"http:\/\/www.x-party.hu\/yk\/diakvallforum\/index.php?rest_route=%2Fwp%2Fv2%2Ftags&post=1037"}],"curies":[{"name":"wp","href":"https:\/\/api.w.org\/{rel}","templated":true}]}}