{"id":1009,"date":"2014-10-12T07:10:50","date_gmt":"2014-10-12T07:10:50","guid":{"rendered":"http:\/\/www.x-party.hu\/yk\/diakvallforum\/?p=1009"},"modified":"2014-10-17T14:23:29","modified_gmt":"2014-10-17T14:23:29","slug":"kommunizmus-konferencia","status":"publish","type":"post","link":"http:\/\/www.x-party.hu\/yk\/diakvallforum\/?p=1009","title":{"rendered":"Kommunizmus Konferencia"},"content":{"rendered":"<p><strong>A l\u00e9lekkutat\u00f3 Int\u00e9zet, az Yrisz Klub, az Eur\u00f3pai Sajt\u00f3sz\u00f6vets\u00e9g, az Eur\u00f3pai Fiatalok Sz\u00f6vets\u00e9ge \u00e9s a V\u00e1llalkoz\u00f3k \u00e9s Di\u00e1kok F\u00f3ruma kezdem\u00e9nyez\u00e9se:<\/strong><\/p>\n<h2 style=\"text-align: center;\"><span style=\"text-decoration: underline; color: #993300;\"><strong>&#8222;Nemzeti \u00d6sszefog\u00e1s az \u00c9let\u00e9rt&#8221; <\/strong><\/span><\/h2>\n<p>c\u00edmmel crossing konferencia szervez\u00e9s\u00e9t 2014. november 7. \u00e9s 2015. m\u00e1rcius 25. k\u00f6z\u00f6tt.<\/p>\n<p><strong><span style=\"text-decoration: underline;\">T\u00e9m\u00e1ink<\/span>:<\/strong><br \/>\n<a href=\"http:\/\/www.x-party.hu\/yk\/diakvallforum\/wp-content\/uploads\/2014\/10\/vcs-1.png\"><img decoding=\"async\" loading=\"lazy\" class=\"alignleft size-medium wp-image-1017\" src=\"http:\/\/www.x-party.hu\/yk\/diakvallforum\/wp-content\/uploads\/2014\/10\/vcs-1-300x274.png\" alt=\"vcs-1\" width=\"300\" height=\"274\" srcset=\"http:\/\/www.x-party.hu\/yk\/diakvallforum\/wp-content\/uploads\/2014\/10\/vcs-1-300x274.png 300w, http:\/\/www.x-party.hu\/yk\/diakvallforum\/wp-content\/uploads\/2014\/10\/vcs-1.png 404w\" sizes=\"(max-width: 300px) 100vw, 300px\" \/><\/a><strong>1. Az abortuszok besz\u00fcntet\u00e9se<\/strong><br \/>\n<strong>2. A fekete m\u00e9dia jelens\u00e9g\u00e9nek visszaszor\u00edt\u00e1sa<\/strong><br \/>\n<strong>3. A t\u00e1rsadalmunk divergenci\u00e1j\u00e1nak meg\u00e1ll\u00edt\u00e1sa, lecs\u00f6kkent\u00e9se \u00e9s a t\u00e1rsadalmi \u00f6sszetart\u00e1s feler\u0151s\u00edt\u00e9se<\/strong><br \/>\n<strong>4. Rekre\u00e1ci\u00f3 Alap \u00e9s Eur\u00f3pai rekre\u00e1ci\u00f3s K\u00f6zpontok \u00e9s T\u00e1borok l\u00e9trehoz\u00e1sa<\/strong><br \/>\n<strong>5. A j\u00f3 alv\u00e1s fontoss\u00e1ga \u00e9s biztos\u00edt\u00e1sa<\/strong><br \/>\n<strong>6. Az ide\u00e1lis p\u00e1rkapcsolatok kialak\u00edt\u00e1sa \u00e9s megtart\u00e1sa<\/strong><br \/>\n<strong>7.\u00a0Csak 2015. m\u00e1rcius 25-\u00e9n lesz nyilv\u00e1nos<\/strong><\/p>\n<p>Szervez\u0151 Bizotts\u00e1g l\u00e9trehoz\u00e1sa okt\u00f3ber 29-ig<br \/>\nA partnerek \u00e9s el\u0151ad\u00f3k szervez\u00e9se I. \u00fctem: november 5-ig.<br \/>\nAlakul\u00f3 Kommunizmus Konferencia: november 7. &#8211; A Nagy Okt\u00f3beri Szocialista Forradalom \u00fcnnepe.<br \/>\nA konferenci\u00e1n d\u00f6nt\u00fcnk a tov\u00e1bbiakr\u00f3l.<br \/>\nT\u00e9magazda: Szilv\u00e1sy P\u00e9ter alap\u00edt\u00f3, igazgat\u00f3<\/p>\n<p>Budapest, 2014. 10. 12.<\/p>\n","protected":false},"excerpt":{"rendered":"<p>A l\u00e9lekkutat\u00f3 Int\u00e9zet, az Yrisz Klub, az Eur\u00f3pai Sajt\u00f3sz\u00f6vets\u00e9g, az Eur\u00f3pai Fiatalok Sz\u00f6vets\u00e9ge \u00e9s a V\u00e1llalkoz\u00f3k \u00e9s Di\u00e1kok F\u00f3ruma kezdem\u00e9nyez\u00e9se: &#8222;Nemzeti \u00d6sszefog\u00e1s az \u00c9let\u00e9rt&#8221; c\u00edmmel crossing konferencia szervez\u00e9s\u00e9t 2014. november &hellip; <\/p>\n<p><a href=\"http:\/\/www.x-party.hu\/yk\/diakvallforum\/?p=1009\" class=\"btn btn-readmore\">Read More <span class=\"screen-reader-text\"> &#8222;Kommunizmus Konferencia&#8221;<\/span><\/a><\/p>\n","protected":false},"author":1,"featured_media":0,"comment_status":"closed","ping_status":"open","sticky":false,"template":"","format":"standard","meta":[],"categories":[1],"tags":[],"_links":{"self":[{"href":"http:\/\/www.x-party.hu\/yk\/diakvallforum\/index.php?rest_route=\/wp\/v2\/posts\/1009"}],"collection":[{"href":"http:\/\/www.x-party.hu\/yk\/diakvallforum\/index.php?rest_route=\/wp\/v2\/posts"}],"about":[{"href":"http:\/\/www.x-party.hu\/yk\/diakvallforum\/index.php?rest_route=\/wp\/v2\/types\/post"}],"author":[{"embeddable":true,"href":"http:\/\/www.x-party.hu\/yk\/diakvallforum\/index.php?rest_route=\/wp\/v2\/users\/1"}],"replies":[{"embeddable":true,"href":"http:\/\/www.x-party.hu\/yk\/diakvallforum\/index.php?rest_route=%2Fwp%2Fv2%2Fcomments&post=1009"}],"version-history":[{"count":6,"href":"http:\/\/www.x-party.hu\/yk\/diakvallforum\/index.php?rest_route=\/wp\/v2\/posts\/1009\/revisions"}],"predecessor-version":[{"id":1019,"href":"http:\/\/www.x-party.hu\/yk\/diakvallforum\/index.php?rest_route=\/wp\/v2\/posts\/1009\/revisions\/1019"}],"wp:attachment":[{"href":"http:\/\/www.x-party.hu\/yk\/diakvallforum\/index.php?rest_route=%2Fwp%2Fv2%2Fmedia&parent=1009"}],"wp:term":[{"taxonomy":"category","embeddable":true,"href":"http:\/\/www.x-party.hu\/yk\/diakvallforum\/index.php?rest_route=%2Fwp%2Fv2%2Fcategories&post=1009"},{"taxonomy":"post_tag","embeddable":true,"href":"http:\/\/www.x-party.hu\/yk\/diakvallforum\/index.php?rest_route=%2Fwp%2Fv2%2Ftags&post=1009"}],"curies":[{"name":"wp","href":"https:\/\/api.w.org\/{rel}","templated":true}]}}